{"id":1077,"date":"2021-02-16T15:30:24","date_gmt":"2021-02-16T14:30:24","guid":{"rendered":"http:\/\/dasgefairt.de\/?p=1077"},"modified":"2021-04-06T08:38:52","modified_gmt":"2021-04-06T07:38:52","slug":"zum-lieferkettengesetz-chen","status":"publish","type":"post","link":"https:\/\/das-gefairt.de\/?p=1077","title":{"rendered":"Zum Lieferkettengesetz (-chen)"},"content":{"rendered":"<p>Der Entwurf steht. Wirtschaftsminister Altmaier hat die Vorlage leider entscheidend verw\u00e4ssern k\u00f6nnen. Hier in Bildern die \u00dcbersicht:<\/p>\n<p><img loading=\"lazy\" class=\"alignnone size-medium wp-image-1079\" src=\"http:\/\/dasgefairt.de\/wp-content\/uploads\/2021\/02\/Wie-gut-ist-der-Entwurf-fu\u0308r-das-Lieferkettengesetz--300x300.jpg\" alt=\"\" width=\"300\" height=\"300\" srcset=\"https:\/\/das-gefairt.de\/wp-content\/uploads\/2021\/02\/Wie-gut-ist-der-Entwurf-fu\u0308r-das-Lieferkettengesetz--300x300.jpg 300w, https:\/\/das-gefairt.de\/wp-content\/uploads\/2021\/02\/Wie-gut-ist-der-Entwurf-fu\u0308r-das-Lieferkettengesetz--150x150.jpg 150w, https:\/\/das-gefairt.de\/wp-content\/uploads\/2021\/02\/Wie-gut-ist-der-Entwurf-fu\u0308r-das-Lieferkettengesetz--768x768.jpg 768w, https:\/\/das-gefairt.de\/wp-content\/uploads\/2021\/02\/Wie-gut-ist-der-Entwurf-fu\u0308r-das-Lieferkettengesetz--1024x1024.jpg 1024w, https:\/\/das-gefairt.de\/wp-content\/uploads\/2021\/02\/Wie-gut-ist-der-Entwurf-fu\u0308r-das-Lieferkettengesetz--180x180.jpg 180w, https:\/\/das-gefairt.de\/wp-content\/uploads\/2021\/02\/Wie-gut-ist-der-Entwurf-fu\u0308r-das-Lieferkettengesetz--600x600.jpg 600w, https:\/\/das-gefairt.de\/wp-content\/uploads\/2021\/02\/Wie-gut-ist-der-Entwurf-fu\u0308r-das-Lieferkettengesetz--500x500.jpg 500w, https:\/\/das-gefairt.de\/wp-content\/uploads\/2021\/02\/Wie-gut-ist-der-Entwurf-fu\u0308r-das-Lieferkettengesetz-.jpg 1080w\" sizes=\"(max-width: 300px) 100vw, 300px\" \/><img loading=\"lazy\" class=\"alignnone size-medium wp-image-1081\" src=\"http:\/\/dasgefairt.de\/wp-content\/uploads\/2021\/02\/Ziel-1-300x300.jpg\" alt=\"\" width=\"300\" height=\"300\" srcset=\"https:\/\/das-gefairt.de\/wp-content\/uploads\/2021\/02\/Ziel-1-300x300.jpg 300w, https:\/\/das-gefairt.de\/wp-content\/uploads\/2021\/02\/Ziel-1-150x150.jpg 150w, https:\/\/das-gefairt.de\/wp-content\/uploads\/2021\/02\/Ziel-1-768x768.jpg 768w, https:\/\/das-gefairt.de\/wp-content\/uploads\/2021\/02\/Ziel-1-1024x1024.jpg 1024w, https:\/\/das-gefairt.de\/wp-content\/uploads\/2021\/02\/Ziel-1-180x180.jpg 180w, https:\/\/das-gefairt.de\/wp-content\/uploads\/2021\/02\/Ziel-1-600x600.jpg 600w, https:\/\/das-gefairt.de\/wp-content\/uploads\/2021\/02\/Ziel-1-500x500.jpg 500w, https:\/\/das-gefairt.de\/wp-content\/uploads\/2021\/02\/Ziel-1.jpg 1080w\" sizes=\"(max-width: 300px) 100vw, 300px\" \/><img loading=\"lazy\" class=\"alignnone size-medium wp-image-1078\" src=\"http:\/\/dasgefairt.de\/wp-content\/uploads\/2021\/02\/Fakten-300x300.jpg\" alt=\"\" width=\"300\" height=\"300\" srcset=\"https:\/\/das-gefairt.de\/wp-content\/uploads\/2021\/02\/Fakten-300x300.jpg 300w, https:\/\/das-gefairt.de\/wp-content\/uploads\/2021\/02\/Fakten-150x150.jpg 150w, https:\/\/das-gefairt.de\/wp-content\/uploads\/2021\/02\/Fakten-768x768.jpg 768w, https:\/\/das-gefairt.de\/wp-content\/uploads\/2021\/02\/Fakten-1024x1024.jpg 1024w, https:\/\/das-gefairt.de\/wp-content\/uploads\/2021\/02\/Fakten-180x180.jpg 180w, https:\/\/das-gefairt.de\/wp-content\/uploads\/2021\/02\/Fakten-600x600.jpg 600w, https:\/\/das-gefairt.de\/wp-content\/uploads\/2021\/02\/Fakten-500x500.jpg 500w, https:\/\/das-gefairt.de\/wp-content\/uploads\/2021\/02\/Fakten.jpg 1080w\" sizes=\"(max-width: 300px) 100vw, 300px\" \/><img loading=\"lazy\" class=\"alignnone size-medium wp-image-1083\" src=\"http:\/\/dasgefairt.de\/wp-content\/uploads\/2021\/02\/Was-fehlt-1-300x300.jpg\" alt=\"\" width=\"300\" height=\"300\" srcset=\"https:\/\/das-gefairt.de\/wp-content\/uploads\/2021\/02\/Was-fehlt-1-300x300.jpg 300w, https:\/\/das-gefairt.de\/wp-content\/uploads\/2021\/02\/Was-fehlt-1-150x150.jpg 150w, https:\/\/das-gefairt.de\/wp-content\/uploads\/2021\/02\/Was-fehlt-1-768x768.jpg 768w, https:\/\/das-gefairt.de\/wp-content\/uploads\/2021\/02\/Was-fehlt-1-1024x1024.jpg 1024w, https:\/\/das-gefairt.de\/wp-content\/uploads\/2021\/02\/Was-fehlt-1-180x180.jpg 180w, https:\/\/das-gefairt.de\/wp-content\/uploads\/2021\/02\/Was-fehlt-1-600x600.jpg 600w, https:\/\/das-gefairt.de\/wp-content\/uploads\/2021\/02\/Was-fehlt-1-500x500.jpg 500w, https:\/\/das-gefairt.de\/wp-content\/uploads\/2021\/02\/Was-fehlt-1.jpg 1080w\" sizes=\"(max-width: 300px) 100vw, 300px\" \/><\/p>\n<p>Gerade die Textile Kette ist sehr lang, und da ist es zwar ganz nett, aber l\u00e4ngst nicht ausreichend, die Firmen f\u00fcr ihre direkten Zulieferer verantwortlich zu machen. Gro\u00dfe Teile der Kinderarbeit und der starken Umweltverschmutzungen geschehen ganz zu Beginn der Kette, beim Baumwollanbau, der Entkernung, dem Spinnen&#8230; Auch das F\u00e4rben kann man gut von anderen machen lassen. Dass da der Einhaltung von Mindeststandarts nur nachgegangen werden muss, wenn die Firma dar\u00fcber Kenntnis erh\u00e4lt, ist nicht sonderlich zielf\u00fchrend. Hoffentlich wird da noch einmal nachgebessert.\u00a0 Auch bei der Gr\u00f6\u00dfe der Unternehmen ist nicht einzusehen, warum die kleineren Firmen keine Verantwortung tragen sollten. Besonders im Textilbereich gibt es viele kleine und mittelgro\u00dfe Firmen. Wichtig au\u00dferdem: Die zivilrechtlichen Haftung der Unternehmen.\u00a0 Vielleicht wird da ja nochmal nachgebessert.<\/p>\n<p>Aber immerhin. Ein Anfang ist gemacht.<\/p>\n","protected":false},"excerpt":{"rendered":"<p>Der Entwurf steht. Wirtschaftsminister Altmaier hat die Vorlage leider entscheidend verw\u00e4ssern k\u00f6nnen. Hier in Bildern die \u00dcbersicht: Gerade die Textile Kette ist sehr lang, und da ist es zwar ganz nett, aber l\u00e4ngst nicht ausreichend, die Firmen f\u00fcr ihre direkten Zulieferer verantwortlich zu machen. Gro\u00dfe Teile der Kinderarbeit und der starken Umweltverschmutzungen geschehen ganz zu [&hellip;]<\/p>\n","protected":false},"author":1,"featured_media":1079,"comment_status":"closed","ping_status":"open","sticky":false,"template":"","format":"standard","meta":[],"categories":[1],"tags":[],"_links":{"self":[{"href":"https:\/\/das-gefairt.de\/index.php?rest_route=\/wp\/v2\/posts\/1077"}],"collection":[{"href":"https:\/\/das-gefairt.de\/index.php?rest_route=\/wp\/v2\/posts"}],"about":[{"href":"https:\/\/das-gefairt.de\/index.php?rest_route=\/wp\/v2\/types\/post"}],"author":[{"embeddable":true,"href":"https:\/\/das-gefairt.de\/index.php?rest_route=\/wp\/v2\/users\/1"}],"replies":[{"embeddable":true,"href":"https:\/\/das-gefairt.de\/index.php?rest_route=%2Fwp%2Fv2%2Fcomments&post=1077"}],"version-history":[{"count":2,"href":"https:\/\/das-gefairt.de\/index.php?rest_route=\/wp\/v2\/posts\/1077\/revisions"}],"predecessor-version":[{"id":1126,"href":"https:\/\/das-gefairt.de\/index.php?rest_route=\/wp\/v2\/posts\/1077\/revisions\/1126"}],"wp:featuredmedia":[{"embeddable":true,"href":"https:\/\/das-gefairt.de\/index.php?rest_route=\/wp\/v2\/media\/1079"}],"wp:attachment":[{"href":"https:\/\/das-gefairt.de\/index.php?rest_route=%2Fwp%2Fv2%2Fmedia&parent=1077"}],"wp:term":[{"taxonomy":"category","embeddable":true,"href":"https:\/\/das-gefairt.de\/index.php?rest_route=%2Fwp%2Fv2%2Fcategories&post=1077"},{"taxonomy":"post_tag","embeddable":true,"href":"https:\/\/das-gefairt.de\/index.php?rest_route=%2Fwp%2Fv2%2Ftags&post=1077"}],"curies":[{"name":"wp","href":"https:\/\/api.w.org\/{rel}","templated":true}]}}