{"id":1086,"date":"2021-03-01T15:29:34","date_gmt":"2021-03-01T14:29:34","guid":{"rendered":"http:\/\/dasgefairt.de\/?p=1086"},"modified":"2021-03-15T09:47:12","modified_gmt":"2021-03-15T08:47:12","slug":"aktion-faire-socke-laeuft","status":"publish","type":"post","link":"https:\/\/das-gefairt.de\/?p=1086","title":{"rendered":"Aktion &#8222;faire Socke&#8220; l\u00e4uft"},"content":{"rendered":"<p>Auf mehrfachen Wunsch lasse ich meine Solidarit\u00e4tsaktion f\u00fcr den Umbau von Gefairt 2.o weiter laufen. Sch\u00f6n, dass einige diese Idee gerade entdeckt haben: Socken f\u00fcr einen h\u00f6heren als den &#8222;normalen&#8220; Preis kaufen und so den Ausbau mit finanzieren. Ein Paar gibt es hier <strong>ab 12 statt f\u00fcr 8 Euro<\/strong>, Doppelpacks ab <strong>18 statt f\u00fcr 12<\/strong> Euro, ggf. abweichendes steht am Foto dran.<\/p>\n<p>Jetzt nur noch aus der Liste das gew\u00fcnschte Paar oder Set aussuchen und mir eine Mail schreiben (info@das-gefairt.de oder an wiebke@nauber.de), mit Bezeichnung und Gr\u00f6\u00dfenwunsch. Einige Paare sind nur noch ein oder zwei Mal da, notfalls melde ich mich. Ansonsten schicke ich die Socken dann raus und Sie \u00fcberweisen\/ihr \u00fcberweist euren &#8222;Wunschbetrag&#8220;:\u00a0Stadtsparkasse Wuppertal, Iban: DE34330500000000821546<\/p>\n<p>Schon jetzt: Danke f\u00fcr die Unterst\u00fctzung \ud83d\ude42<\/p>\n<p>&nbsp;<\/p>\n<p>&nbsp;<\/p>\n<p>Hier die aktuelle Auswahl:<\/p>\n<p>&nbsp;<\/p>\n<figure id=\"attachment_999\" aria-describedby=\"caption-attachment-999\" style=\"width: 300px\" class=\"wp-caption alignnone\"><img loading=\"lazy\" class=\"size-medium wp-image-999\" src=\"http:\/\/dasgefairt.de\/wp-content\/uploads\/2020\/06\/lange-Ringelsocke-violett-300x100.jpg\" alt=\"\" width=\"300\" height=\"100\" srcset=\"https:\/\/das-gefairt.de\/wp-content\/uploads\/2020\/06\/lange-Ringelsocke-violett-300x100.jpg 300w, https:\/\/das-gefairt.de\/wp-content\/uploads\/2020\/06\/lange-Ringelsocke-violett-768x256.jpg 768w, https:\/\/das-gefairt.de\/wp-content\/uploads\/2020\/06\/lange-Ringelsocke-violett-1024x342.jpg 1024w, https:\/\/das-gefairt.de\/wp-content\/uploads\/2020\/06\/lange-Ringelsocke-violett.jpg 1280w\" sizes=\"(max-width: 300px) 100vw, 300px\" \/><figcaption id=\"caption-attachment-999\" class=\"wp-caption-text\">Lila Ringel, Gr\u00f6\u00dfe 36-39 und<br \/>40-43 anders als dransteht&#8230;<\/figcaption><\/figure>\n<p>&nbsp;<\/p>\n<figure id=\"attachment_1039\" aria-describedby=\"caption-attachment-1039\" style=\"width: 300px\" class=\"wp-caption alignnone\"><img loading=\"lazy\" class=\"size-medium wp-image-1039\" src=\"http:\/\/dasgefairt.de\/wp-content\/uploads\/2020\/11\/Blumensocke-Hina-39-42-300x233.jpg\" alt=\"\" width=\"300\" height=\"233\" srcset=\"https:\/\/das-gefairt.de\/wp-content\/uploads\/2020\/11\/Blumensocke-Hina-39-42-300x233.jpg 300w, https:\/\/das-gefairt.de\/wp-content\/uploads\/2020\/11\/Blumensocke-Hina-39-42-768x598.jpg 768w, https:\/\/das-gefairt.de\/wp-content\/uploads\/2020\/11\/Blumensocke-Hina-39-42-1024x797.jpg 1024w, https:\/\/das-gefairt.de\/wp-content\/uploads\/2020\/11\/Blumensocke-Hina-39-42.jpg 1280w\" sizes=\"(max-width: 300px) 100vw, 300px\" \/><figcaption id=\"caption-attachment-1039\" class=\"wp-caption-text\">Blumensocke schwarz, Gr\u00f6\u00dfe 39-42<\/figcaption><\/figure>\n<p>&nbsp;<\/p>\n<p>&nbsp;<\/p>\n<figure id=\"attachment_1088\" aria-describedby=\"caption-attachment-1088\" style=\"width: 161px\" class=\"wp-caption alignnone\"><img loading=\"lazy\" class=\"size-medium wp-image-1088\" src=\"http:\/\/dasgefairt.de\/wp-content\/uploads\/2021\/03\/IMG_5617-Kopie-161x300.jpg\" alt=\"\" width=\"161\" height=\"300\" srcset=\"https:\/\/das-gefairt.de\/wp-content\/uploads\/2021\/03\/IMG_5617-Kopie-161x300.jpg 161w, https:\/\/das-gefairt.de\/wp-content\/uploads\/2021\/03\/IMG_5617-Kopie.jpg 549w\" sizes=\"(max-width: 161px) 100vw, 161px\" \/><figcaption id=\"caption-attachment-1088\" class=\"wp-caption-text\">Sockenset &#8222;Bettina&#8220;<br \/>cypress, dots<br \/>Gr. 39-42 sind aus<\/figcaption><\/figure>\n<p>&nbsp;<\/p>\n<figure id=\"attachment_1089\" aria-describedby=\"caption-attachment-1089\" style=\"width: 171px\" class=\"wp-caption alignnone\"><img loading=\"lazy\" class=\"size-medium wp-image-1089\" src=\"http:\/\/dasgefairt.de\/wp-content\/uploads\/2021\/03\/IMG_5618-Kopie-171x300.jpg\" alt=\"\" width=\"171\" height=\"300\" srcset=\"https:\/\/das-gefairt.de\/wp-content\/uploads\/2021\/03\/IMG_5618-Kopie-171x300.jpg 171w, https:\/\/das-gefairt.de\/wp-content\/uploads\/2021\/03\/IMG_5618-Kopie.jpg 585w\" sizes=\"(max-width: 171px) 100vw, 171px\" \/><figcaption id=\"caption-attachment-1089\" class=\"wp-caption-text\">Sockenset &#8222;Bettina&#8220;<br \/>dark prune, dots<br \/>Gr. 35-38<\/figcaption><\/figure>\n<p>&nbsp;<\/p>\n<figure id=\"attachment_1090\" aria-describedby=\"caption-attachment-1090\" style=\"width: 173px\" class=\"wp-caption alignnone\"><img loading=\"lazy\" class=\"size-medium wp-image-1090\" src=\"http:\/\/dasgefairt.de\/wp-content\/uploads\/2021\/03\/IMG_5619-Kopie-173x300.jpg\" alt=\"\" width=\"173\" height=\"300\" srcset=\"https:\/\/das-gefairt.de\/wp-content\/uploads\/2021\/03\/IMG_5619-Kopie-173x300.jpg 173w, https:\/\/das-gefairt.de\/wp-content\/uploads\/2021\/03\/IMG_5619-Kopie.jpg 591w\" sizes=\"(max-width: 173px) 100vw, 173px\" \/><figcaption id=\"caption-attachment-1090\" class=\"wp-caption-text\">Sockenset &#8222;Bettina&#8220;<br \/>night blue, dots<br \/>Gr. 35-38<\/figcaption><\/figure>\n<p>&nbsp;<\/p>\n<p>&nbsp;<\/p>\n<figure id=\"attachment_1094\" aria-describedby=\"caption-attachment-1094\" style=\"width: 145px\" class=\"wp-caption alignnone\"><img loading=\"lazy\" class=\"size-medium wp-image-1094\" src=\"http:\/\/dasgefairt.de\/wp-content\/uploads\/2021\/03\/IMG_5623-Kopie-145x300.jpg\" alt=\"\" width=\"145\" height=\"300\" srcset=\"https:\/\/das-gefairt.de\/wp-content\/uploads\/2021\/03\/IMG_5623-Kopie-145x300.jpg 145w, https:\/\/das-gefairt.de\/wp-content\/uploads\/2021\/03\/IMG_5623-Kopie.jpg 495w\" sizes=\"(max-width: 145px) 100vw, 145px\" \/><figcaption id=\"caption-attachment-1094\" class=\"wp-caption-text\">Kuschelsocke &#8222;Junis&#8220;<br \/>als Set oder einzeln<br \/>ab 10 bzw. ab 20 Euro<br \/>Gr. 39-42 und 43-46<\/figcaption><\/figure>\n<p>&nbsp;<\/p>\n<p>&nbsp;<\/p>\n<p>&nbsp;<\/p>\n<figure id=\"attachment_996\" aria-describedby=\"caption-attachment-996\" style=\"width: 300px\" class=\"wp-caption alignnone\"><img loading=\"lazy\" class=\"size-medium wp-image-996\" src=\"http:\/\/dasgefairt.de\/wp-content\/uploads\/2020\/06\/Hundesocke-300x300.jpg\" alt=\"\" width=\"300\" height=\"300\" srcset=\"https:\/\/das-gefairt.de\/wp-content\/uploads\/2020\/06\/Hundesocke-300x300.jpg 300w, https:\/\/das-gefairt.de\/wp-content\/uploads\/2020\/06\/Hundesocke-150x150.jpg 150w, https:\/\/das-gefairt.de\/wp-content\/uploads\/2020\/06\/Hundesocke-768x768.jpg 768w, https:\/\/das-gefairt.de\/wp-content\/uploads\/2020\/06\/Hundesocke-180x180.jpg 180w, https:\/\/das-gefairt.de\/wp-content\/uploads\/2020\/06\/Hundesocke-600x600.jpg 600w, https:\/\/das-gefairt.de\/wp-content\/uploads\/2020\/06\/Hundesocke-500x500.jpg 500w, https:\/\/das-gefairt.de\/wp-content\/uploads\/2020\/06\/Hundesocke.jpg 1024w\" sizes=\"(max-width: 300px) 100vw, 300px\" \/><figcaption id=\"caption-attachment-996\" class=\"wp-caption-text\">Dalmatiner, Gr\u00f6\u00dfe 43-46<\/figcaption><\/figure>\n<p>&nbsp;<\/p>\n<p>&nbsp;<\/p>\n<figure id=\"attachment_1087\" aria-describedby=\"caption-attachment-1087\" style=\"width: 160px\" class=\"wp-caption alignnone\"><img loading=\"lazy\" class=\"size-medium wp-image-1087\" src=\"http:\/\/dasgefairt.de\/wp-content\/uploads\/2021\/03\/IMG_5622-Kopie-160x300.jpg\" alt=\"\" width=\"160\" height=\"300\" srcset=\"https:\/\/das-gefairt.de\/wp-content\/uploads\/2021\/03\/IMG_5622-Kopie-160x300.jpg 160w, https:\/\/das-gefairt.de\/wp-content\/uploads\/2021\/03\/IMG_5622-Kopie.jpg 546w\" sizes=\"(max-width: 160px) 100vw, 160px\" \/><figcaption id=\"caption-attachment-1087\" class=\"wp-caption-text\">Thought Ringel<br \/>Gr. 41-46<\/figcaption><\/figure>\n<p>&nbsp;<\/p>\n<figure id=\"attachment_993\" aria-describedby=\"caption-attachment-993\" style=\"width: 300px\" class=\"wp-caption alignnone\"><img loading=\"lazy\" class=\"size-medium wp-image-993\" src=\"http:\/\/dasgefairt.de\/wp-content\/uploads\/2020\/06\/Babysocke-Bremer-Stadtmusikanten-300x225.jpg\" alt=\"\" width=\"300\" height=\"225\" srcset=\"https:\/\/das-gefairt.de\/wp-content\/uploads\/2020\/06\/Babysocke-Bremer-Stadtmusikanten-300x225.jpg 300w, https:\/\/das-gefairt.de\/wp-content\/uploads\/2020\/06\/Babysocke-Bremer-Stadtmusikanten-768x576.jpg 768w, https:\/\/das-gefairt.de\/wp-content\/uploads\/2020\/06\/Babysocke-Bremer-Stadtmusikanten-1024x768.jpg 1024w, https:\/\/das-gefairt.de\/wp-content\/uploads\/2020\/06\/Babysocke-Bremer-Stadtmusikanten.jpg 1280w\" sizes=\"(max-width: 300px) 100vw, 300px\" \/><figcaption id=\"caption-attachment-993\" class=\"wp-caption-text\">Babysocke<br \/>Bremer Stadtmusikanten<br \/>Gr\u00f6\u00dfe 19-22<\/figcaption><\/figure>\n<p>&nbsp;<\/p>\n<figure id=\"attachment_992\" aria-describedby=\"caption-attachment-992\" style=\"width: 300px\" class=\"wp-caption alignnone\"><img loading=\"lazy\" class=\"size-medium wp-image-992\" src=\"http:\/\/dasgefairt.de\/wp-content\/uploads\/2020\/06\/Baby-Socke-Katze-300x150.jpg\" alt=\"\" width=\"300\" height=\"150\" srcset=\"https:\/\/das-gefairt.de\/wp-content\/uploads\/2020\/06\/Baby-Socke-Katze-300x150.jpg 300w, https:\/\/das-gefairt.de\/wp-content\/uploads\/2020\/06\/Baby-Socke-Katze-768x384.jpg 768w, https:\/\/das-gefairt.de\/wp-content\/uploads\/2020\/06\/Baby-Socke-Katze-1024x512.jpg 1024w, https:\/\/das-gefairt.de\/wp-content\/uploads\/2020\/06\/Baby-Socke-Katze.jpg 1280w\" sizes=\"(max-width: 300px) 100vw, 300px\" \/><figcaption id=\"caption-attachment-992\" class=\"wp-caption-text\">Babysocke Katze<br \/>Gr\u00f6\u00dfe 19-22<\/figcaption><\/figure>\n<p>&nbsp;<\/p>\n<figure id=\"attachment_997\" aria-describedby=\"caption-attachment-997\" style=\"width: 300px\" class=\"wp-caption alignnone\"><img loading=\"lazy\" class=\"size-medium wp-image-997\" src=\"http:\/\/dasgefairt.de\/wp-content\/uploads\/2020\/06\/Kindersocke-Vo\u0308gel-auf-blau-Katze-auf-beige-300x150.jpg\" alt=\"\" width=\"300\" height=\"150\" srcset=\"https:\/\/das-gefairt.de\/wp-content\/uploads\/2020\/06\/Kindersocke-Vo\u0308gel-auf-blau-Katze-auf-beige-300x150.jpg 300w, https:\/\/das-gefairt.de\/wp-content\/uploads\/2020\/06\/Kindersocke-Vo\u0308gel-auf-blau-Katze-auf-beige-768x384.jpg 768w, https:\/\/das-gefairt.de\/wp-content\/uploads\/2020\/06\/Kindersocke-Vo\u0308gel-auf-blau-Katze-auf-beige-1024x512.jpg 1024w, https:\/\/das-gefairt.de\/wp-content\/uploads\/2020\/06\/Kindersocke-Vo\u0308gel-auf-blau-Katze-auf-beige.jpg 1280w\" sizes=\"(max-width: 300px) 100vw, 300px\" \/><figcaption id=\"caption-attachment-997\" class=\"wp-caption-text\">Kindersocke Vo\u0308gel auf blau, Katze auf beige<br \/>Gr\u00f6\u00dfe 27-30<\/figcaption><\/figure>\n<p>&nbsp;<\/p>\n","protected":false},"excerpt":{"rendered":"<p>Auf mehrfachen Wunsch lasse ich meine Solidarit\u00e4tsaktion f\u00fcr den Umbau von Gefairt 2.o weiter laufen. Sch\u00f6n, dass einige diese Idee gerade entdeckt haben: Socken f\u00fcr einen h\u00f6heren als den &#8222;normalen&#8220; Preis kaufen und so den Ausbau mit finanzieren. Ein Paar gibt es hier ab 12 statt f\u00fcr 8 Euro, Doppelpacks ab 18 statt f\u00fcr 12 [&hellip;]<\/p>\n","protected":false},"author":1,"featured_media":1087,"comment_status":"closed","ping_status":"open","sticky":false,"template":"","format":"standard","meta":[],"categories":[1],"tags":[],"_links":{"self":[{"href":"https:\/\/das-gefairt.de\/index.php?rest_route=\/wp\/v2\/posts\/1086"}],"collection":[{"href":"https:\/\/das-gefairt.de\/index.php?rest_route=\/wp\/v2\/posts"}],"about":[{"href":"https:\/\/das-gefairt.de\/index.php?rest_route=\/wp\/v2\/types\/post"}],"author":[{"embeddable":true,"href":"https:\/\/das-gefairt.de\/index.php?rest_route=\/wp\/v2\/users\/1"}],"replies":[{"embeddable":true,"href":"https:\/\/das-gefairt.de\/index.php?rest_route=%2Fwp%2Fv2%2Fcomments&post=1086"}],"version-history":[{"count":9,"href":"https:\/\/das-gefairt.de\/index.php?rest_route=\/wp\/v2\/posts\/1086\/revisions"}],"predecessor-version":[{"id":1112,"href":"https:\/\/das-gefairt.de\/index.php?rest_route=\/wp\/v2\/posts\/1086\/revisions\/1112"}],"wp:featuredmedia":[{"embeddable":true,"href":"https:\/\/das-gefairt.de\/index.php?rest_route=\/wp\/v2\/media\/1087"}],"wp:attachment":[{"href":"https:\/\/das-gefairt.de\/index.php?rest_route=%2Fwp%2Fv2%2Fmedia&parent=1086"}],"wp:term":[{"taxonomy":"category","embeddable":true,"href":"https:\/\/das-gefairt.de\/index.php?rest_route=%2Fwp%2Fv2%2Fcategories&post=1086"},{"taxonomy":"post_tag","embeddable":true,"href":"https:\/\/das-gefairt.de\/index.php?rest_route=%2Fwp%2Fv2%2Ftags&post=1086"}],"curies":[{"name":"wp","href":"https:\/\/api.w.org\/{rel}","templated":true}]}}