{"id":1105,"date":"2021-03-09T16:39:59","date_gmt":"2021-03-09T15:39:59","guid":{"rendered":"http:\/\/dasgefairt.de\/?p=1105"},"modified":"2021-03-09T16:39:59","modified_gmt":"2021-03-09T15:39:59","slug":"mail-and-meet","status":"publish","type":"post","link":"https:\/\/das-gefairt.de\/?p=1105","title":{"rendered":"Mail and meet!"},"content":{"rendered":"<p><img loading=\"lazy\" class=\"size-medium wp-image-1106 alignleft\" src=\"http:\/\/dasgefairt.de\/wp-content\/uploads\/2021\/03\/Mail-and-meet-300x300.jpg\" alt=\"\" width=\"300\" height=\"300\" srcset=\"https:\/\/das-gefairt.de\/wp-content\/uploads\/2021\/03\/Mail-and-meet-300x300.jpg 300w, https:\/\/das-gefairt.de\/wp-content\/uploads\/2021\/03\/Mail-and-meet-150x150.jpg 150w, https:\/\/das-gefairt.de\/wp-content\/uploads\/2021\/03\/Mail-and-meet-768x768.jpg 768w, https:\/\/das-gefairt.de\/wp-content\/uploads\/2021\/03\/Mail-and-meet-1024x1024.jpg 1024w, https:\/\/das-gefairt.de\/wp-content\/uploads\/2021\/03\/Mail-and-meet-180x180.jpg 180w, https:\/\/das-gefairt.de\/wp-content\/uploads\/2021\/03\/Mail-and-meet-600x600.jpg 600w, https:\/\/das-gefairt.de\/wp-content\/uploads\/2021\/03\/Mail-and-meet-500x500.jpg 500w, https:\/\/das-gefairt.de\/wp-content\/uploads\/2021\/03\/Mail-and-meet.jpg 1080w\" sizes=\"(max-width: 300px) 100vw, 300px\" \/>Ich darf wieder \u00f6ffnen. Ein bisschen. Mit Termin darf immer ein Haushalt mit Maske rein. Also: Mailt mir, ruft mich an, meldet euch irgendwie, wenn ihr noch einen Termin im alten Gefairt haben m\u00f6chtet. Viele, sch\u00f6ne Sachen warten auf euch\/Sie. Die ersten Teile der Fr\u00fchjahrskollektion sind auch schon da, und noch einige Schn\u00e4ppchen der Winterware.<\/p>\n<p>Ich mache Gefairt 1.0 nicht mehr startklar, um irgendwo hin zu fahren, das w\u00fcrde sich nicht lohnen, da das mit der Terminabsprache dann einfach kompliziert w\u00fcrde. Und in der Woche nach Ostern ist mit hoher Wahrscheinlichkeit der Ausbau von Gefairt 2.o fertig. Mit dem bin ich dann, so Corona es will, auch wieder buchbar. Und wenn es dann n\u00f6tig ist, bei euch\/Ihnen vor Ort mit Terminen zu hantieren, dann kriegen wir das hin. Hauptsache es geht wieder los. Ab dem 24. April, evtl. auch schon eine Woche eher.<\/p>\n<p>Hier noch ein Bild vom Stand des Ausbaus: Dort, wo die Kabelrohre liegen, steht jetzt auch schon der<img loading=\"lazy\" class=\"size-medium wp-image-1107 alignright\" src=\"http:\/\/dasgefairt.de\/wp-content\/uploads\/2021\/03\/Schrank-1-225x300.jpg\" alt=\"\" width=\"225\" height=\"300\" srcset=\"https:\/\/das-gefairt.de\/wp-content\/uploads\/2021\/03\/Schrank-1-225x300.jpg 225w, https:\/\/das-gefairt.de\/wp-content\/uploads\/2021\/03\/Schrank-1.jpg 768w\" sizes=\"(max-width: 225px) 100vw, 225px\" \/><br \/>\nKassentisch, die Bretter f\u00fcr die weiteren Regale sind zuges\u00e4gt und folgen jetzt recht z\u00fcgig.<\/p>\n<p>Ich freu mich darauf, dann endlich wieder durchzustarten \ud83d\ude42<\/p>\n<p>Aber erst einmal hei\u00dft es noch: Mail and meet. Ich freu mich auf euch\/Sie!<\/p>\n","protected":false},"excerpt":{"rendered":"<p>Ich darf wieder \u00f6ffnen. Ein bisschen. Mit Termin darf immer ein Haushalt mit Maske rein. Also: Mailt mir, ruft mich an, meldet euch irgendwie, wenn ihr noch einen Termin im alten Gefairt haben m\u00f6chtet. Viele, sch\u00f6ne Sachen warten auf euch\/Sie. Die ersten Teile der Fr\u00fchjahrskollektion sind auch schon da, und noch einige Schn\u00e4ppchen der Winterware. [&hellip;]<\/p>\n","protected":false},"author":1,"featured_media":1106,"comment_status":"closed","ping_status":"open","sticky":false,"template":"","format":"standard","meta":[],"categories":[1],"tags":[],"_links":{"self":[{"href":"https:\/\/das-gefairt.de\/index.php?rest_route=\/wp\/v2\/posts\/1105"}],"collection":[{"href":"https:\/\/das-gefairt.de\/index.php?rest_route=\/wp\/v2\/posts"}],"about":[{"href":"https:\/\/das-gefairt.de\/index.php?rest_route=\/wp\/v2\/types\/post"}],"author":[{"embeddable":true,"href":"https:\/\/das-gefairt.de\/index.php?rest_route=\/wp\/v2\/users\/1"}],"replies":[{"embeddable":true,"href":"https:\/\/das-gefairt.de\/index.php?rest_route=%2Fwp%2Fv2%2Fcomments&post=1105"}],"version-history":[{"count":4,"href":"https:\/\/das-gefairt.de\/index.php?rest_route=\/wp\/v2\/posts\/1105\/revisions"}],"predecessor-version":[{"id":1111,"href":"https:\/\/das-gefairt.de\/index.php?rest_route=\/wp\/v2\/posts\/1105\/revisions\/1111"}],"wp:featuredmedia":[{"embeddable":true,"href":"https:\/\/das-gefairt.de\/index.php?rest_route=\/wp\/v2\/media\/1106"}],"wp:attachment":[{"href":"https:\/\/das-gefairt.de\/index.php?rest_route=%2Fwp%2Fv2%2Fmedia&parent=1105"}],"wp:term":[{"taxonomy":"category","embeddable":true,"href":"https:\/\/das-gefairt.de\/index.php?rest_route=%2Fwp%2Fv2%2Fcategories&post=1105"},{"taxonomy":"post_tag","embeddable":true,"href":"https:\/\/das-gefairt.de\/index.php?rest_route=%2Fwp%2Fv2%2Ftags&post=1105"}],"curies":[{"name":"wp","href":"https:\/\/api.w.org\/{rel}","templated":true}]}}