{"id":1114,"date":"2021-03-27T17:34:34","date_gmt":"2021-03-27T16:34:34","guid":{"rendered":"http:\/\/dasgefairt.de\/?p=1114"},"modified":"2021-04-06T08:37:49","modified_gmt":"2021-04-06T07:37:49","slug":"was-man-offenbar-immer-noch-sagen-muss-und-was-ich-noch-sagen-und-zeigen-wollte","status":"publish","type":"post","link":"https:\/\/das-gefairt.de\/?p=1114","title":{"rendered":"Was man offenbar immer noch sagen muss&#8230; Und was ich noch sagen und zeigen wollte"},"content":{"rendered":"<p>Gestern Abend in der Lokalzeit lief ein netter Bericht \u00fcber 50 Jahre fairer Handel und die GEPA. In einem kurzen Interview mit Katharina Nickoleit (Journalistin und Tochter des Gepa-Mitbegr\u00fcnders Gerd Nickoleit) ging es gaanz kurz um faire Kleidung, die noch so wenig zu bekommen sei. Au\u00dferdem w\u00fcrde halt nicht jeder auf Alpaka-Pullover stehen. Hier zwei Fotos als ganz kurzfristige Stellungnahme dazu von mir (auch wenn ich nat\u00fcrlich auch einen fairen Alpaka-Pullover besitze):<\/p>\n<p><img loading=\"lazy\" class=\"size-medium wp-image-1116 alignleft\" src=\"http:\/\/dasgefairt.de\/wp-content\/uploads\/2021\/03\/Ringel-und-Jeans-204x300.jpg\" alt=\"\" width=\"204\" height=\"300\" srcset=\"https:\/\/das-gefairt.de\/wp-content\/uploads\/2021\/03\/Ringel-und-Jeans-204x300.jpg 204w, https:\/\/das-gefairt.de\/wp-content\/uploads\/2021\/03\/Ringel-und-Jeans-696x1024.jpg 696w, https:\/\/das-gefairt.de\/wp-content\/uploads\/2021\/03\/Ringel-und-Jeans.jpg 734w\" sizes=\"(max-width: 204px) 100vw, 204px\" \/><img loading=\"lazy\" class=\"size-medium wp-image-1115 alignleft\" src=\"http:\/\/dasgefairt.de\/wp-content\/uploads\/2021\/03\/Rock-225x300.jpg\" alt=\"\" width=\"225\" height=\"300\" srcset=\"https:\/\/das-gefairt.de\/wp-content\/uploads\/2021\/03\/Rock-225x300.jpg 225w, https:\/\/das-gefairt.de\/wp-content\/uploads\/2021\/03\/Rock-768x1024.jpg 768w, https:\/\/das-gefairt.de\/wp-content\/uploads\/2021\/03\/Rock.jpg 810w\" sizes=\"(max-width: 225px) 100vw, 225px\" \/><\/p>\n<p>Und? Sieht da jemand, dass das fair und bio ist? Ist es aber.<\/p>\n<p>Ja, es ist noch nicht \u00fcberall zu bekommen, aber ich komme gerne vorbei (wenn ich dann wieder darf&#8230;) \ud83d\ude42<\/p>\n<p>Jedenfalls habe ich heute mal der WDR-Lokalzeit Wuppertal gemailt, sie k\u00f6nnten sich das gerne mal anschauen kommen. Mal sehen, ob das was wird.<\/p>\n<p>&nbsp;<\/p>\n<p>&nbsp;<\/p>\n<p>&nbsp;<\/p>\n<p>\u00dcbrigens seht ihr hier nicht nur mich, sondern auch den Ausbaustand von Gefairt 2.o. Es wird richtig sch\u00f6n!! Hier noch einige Details:<\/p>\n<p><img loading=\"lazy\" class=\"size-medium wp-image-1119 alignleft\" src=\"http:\/\/dasgefairt.de\/wp-content\/uploads\/2021\/03\/Schrank-und-Tisch-Wasserfall-225x300.jpg\" alt=\"\" width=\"225\" height=\"300\" srcset=\"https:\/\/das-gefairt.de\/wp-content\/uploads\/2021\/03\/Schrank-und-Tisch-Wasserfall-225x300.jpg 225w, https:\/\/das-gefairt.de\/wp-content\/uploads\/2021\/03\/Schrank-und-Tisch-Wasserfall-768x1024.jpg 768w, https:\/\/das-gefairt.de\/wp-content\/uploads\/2021\/03\/Schrank-und-Tisch-Wasserfall.jpg 810w\" sizes=\"(max-width: 225px) 100vw, 225px\" \/> <img loading=\"lazy\" class=\"size-medium wp-image-1120 alignright\" src=\"http:\/\/dasgefairt.de\/wp-content\/uploads\/2021\/03\/Schraubenabdeckungen-300x225.jpg\" alt=\"\" width=\"300\" height=\"225\" srcset=\"https:\/\/das-gefairt.de\/wp-content\/uploads\/2021\/03\/Schraubenabdeckungen-300x225.jpg 300w, https:\/\/das-gefairt.de\/wp-content\/uploads\/2021\/03\/Schraubenabdeckungen-768x576.jpg 768w, https:\/\/das-gefairt.de\/wp-content\/uploads\/2021\/03\/Schraubenabdeckungen-1024x768.jpg 1024w, https:\/\/das-gefairt.de\/wp-content\/uploads\/2021\/03\/Schraubenabdeckungen.jpg 1440w\" sizes=\"(max-width: 300px) 100vw, 300px\" \/><\/p>\n<p>&nbsp;<\/p>\n<p>So sieht es aus, wenn man z.Zt. reinschaut. Und wenn man dann genauer hinschaut entdeckt man dieses nette Detail: Die Schrauben, mit denen die Regale auf der T-Nut-Schiene montiert sind mussten verdeckt werden, und da boten sich Scheiben der Nussbaum-Stangen an, an denen sp\u00e4ter die Kleidung h\u00e4ngen soll. Ein toller Kontrast.<\/p>\n<p>Auf dem Display wird nat\u00fcrlich sp\u00e4ter kein Wasserfall zu sehen sein, sondern Infos rund ums Thema faire Kleidung.<\/p>\n<p>&nbsp;<\/p>\n<p>&nbsp;<\/p>\n<p>&nbsp;<\/p>\n<p>Und noch was: Leider geh\u00f6rt &#8222;Mail and meet&#8220; schon wieder der Vergangenheit an. Wer trotzdem etwas braucht, darf ganz alleine ins Gefairt 1.0 gehen (ich kann das sogar \u00f6ffnen, ohne die Haust\u00fcr zu \u00f6ffenen), sich Sachen aussuchen und per \u00dcberweisung bezahlen. Ganz und gar kontaktlos und immer nur eine*r an einem Tag. Das ist fast wie klick and collekt. Und besser als nichts.<\/p>\n","protected":false},"excerpt":{"rendered":"<p>Gestern Abend in der Lokalzeit lief ein netter Bericht \u00fcber 50 Jahre fairer Handel und die GEPA. In einem kurzen Interview mit Katharina Nickoleit (Journalistin und Tochter des Gepa-Mitbegr\u00fcnders Gerd Nickoleit) ging es gaanz kurz um faire Kleidung, die noch so wenig zu bekommen sei. Au\u00dferdem w\u00fcrde halt nicht jeder auf Alpaka-Pullover stehen. Hier zwei [&hellip;]<\/p>\n","protected":false},"author":1,"featured_media":0,"comment_status":"closed","ping_status":"open","sticky":false,"template":"","format":"standard","meta":[],"categories":[1],"tags":[],"_links":{"self":[{"href":"https:\/\/das-gefairt.de\/index.php?rest_route=\/wp\/v2\/posts\/1114"}],"collection":[{"href":"https:\/\/das-gefairt.de\/index.php?rest_route=\/wp\/v2\/posts"}],"about":[{"href":"https:\/\/das-gefairt.de\/index.php?rest_route=\/wp\/v2\/types\/post"}],"author":[{"embeddable":true,"href":"https:\/\/das-gefairt.de\/index.php?rest_route=\/wp\/v2\/users\/1"}],"replies":[{"embeddable":true,"href":"https:\/\/das-gefairt.de\/index.php?rest_route=%2Fwp%2Fv2%2Fcomments&post=1114"}],"version-history":[{"count":6,"href":"https:\/\/das-gefairt.de\/index.php?rest_route=\/wp\/v2\/posts\/1114\/revisions"}],"predecessor-version":[{"id":1125,"href":"https:\/\/das-gefairt.de\/index.php?rest_route=\/wp\/v2\/posts\/1114\/revisions\/1125"}],"wp:attachment":[{"href":"https:\/\/das-gefairt.de\/index.php?rest_route=%2Fwp%2Fv2%2Fmedia&parent=1114"}],"wp:term":[{"taxonomy":"category","embeddable":true,"href":"https:\/\/das-gefairt.de\/index.php?rest_route=%2Fwp%2Fv2%2Fcategories&post=1114"},{"taxonomy":"post_tag","embeddable":true,"href":"https:\/\/das-gefairt.de\/index.php?rest_route=%2Fwp%2Fv2%2Ftags&post=1114"}],"curies":[{"name":"wp","href":"https:\/\/api.w.org\/{rel}","templated":true}]}}