{"id":1129,"date":"2021-04-10T14:01:33","date_gmt":"2021-04-10T13:01:33","guid":{"rendered":"http:\/\/dasgefairt.de\/?p=1129"},"modified":"2021-04-10T14:01:33","modified_gmt":"2021-04-10T13:01:33","slug":"gefairt-2-0-hauptseite-fast-fertig","status":"publish","type":"post","link":"https:\/\/das-gefairt.de\/?p=1129","title":{"rendered":"Gefairt 2.0: Hauptseite fast fertig!"},"content":{"rendered":"<p>Gestern hat Andreas die letzten B\u00f6den und die sch\u00f6nen, dunklen Kleiderstangen montiert. Sogar die Auflagen f\u00fcr die Stangen sind aus Holz. Und die ersten Sachen, die ich mal zur Probe reingeh\u00e4ngt habe lassen erahnen, wie sch\u00f6n das wird.<\/p>\n<p><img loading=\"lazy\" class=\"alignnone size-medium wp-image-1130\" src=\"http:\/\/dasgefairt.de\/wp-content\/uploads\/2021\/04\/Probeha\u0308ngen-klein-300x225.jpg\" alt=\"\" width=\"300\" height=\"225\" srcset=\"https:\/\/das-gefairt.de\/wp-content\/uploads\/2021\/04\/Probeha\u0308ngen-klein-300x225.jpg 300w, https:\/\/das-gefairt.de\/wp-content\/uploads\/2021\/04\/Probeha\u0308ngen-klein-768x576.jpg 768w, https:\/\/das-gefairt.de\/wp-content\/uploads\/2021\/04\/Probeha\u0308ngen-klein-1024x768.jpg 1024w, https:\/\/das-gefairt.de\/wp-content\/uploads\/2021\/04\/Probeha\u0308ngen-klein.jpg 1440w\" sizes=\"(max-width: 300px) 100vw, 300px\" \/><img loading=\"lazy\" class=\"alignnone size-medium wp-image-1131\" src=\"http:\/\/dasgefairt.de\/wp-content\/uploads\/2021\/04\/Ha\u0308ngeprobe-nach-vorne-300x225.jpg\" alt=\"\" width=\"300\" height=\"225\" srcset=\"https:\/\/das-gefairt.de\/wp-content\/uploads\/2021\/04\/Ha\u0308ngeprobe-nach-vorne-300x225.jpg 300w, https:\/\/das-gefairt.de\/wp-content\/uploads\/2021\/04\/Ha\u0308ngeprobe-nach-vorne-768x576.jpg 768w, https:\/\/das-gefairt.de\/wp-content\/uploads\/2021\/04\/Ha\u0308ngeprobe-nach-vorne-1024x768.jpg 1024w, https:\/\/das-gefairt.de\/wp-content\/uploads\/2021\/04\/Ha\u0308ngeprobe-nach-vorne.jpg 1440w\" sizes=\"(max-width: 300px) 100vw, 300px\" \/><img loading=\"lazy\" class=\"alignnone size-medium wp-image-1132\" src=\"http:\/\/dasgefairt.de\/wp-content\/uploads\/2021\/04\/ganze-Wand-klein-Kopie-300x225.jpg\" alt=\"\" width=\"300\" height=\"225\" srcset=\"https:\/\/das-gefairt.de\/wp-content\/uploads\/2021\/04\/ganze-Wand-klein-Kopie-300x225.jpg 300w, https:\/\/das-gefairt.de\/wp-content\/uploads\/2021\/04\/ganze-Wand-klein-Kopie-768x576.jpg 768w, https:\/\/das-gefairt.de\/wp-content\/uploads\/2021\/04\/ganze-Wand-klein-Kopie-1024x768.jpg 1024w, https:\/\/das-gefairt.de\/wp-content\/uploads\/2021\/04\/ganze-Wand-klein-Kopie.jpg 1440w\" sizes=\"(max-width: 300px) 100vw, 300px\" \/><\/p>\n","protected":false},"excerpt":{"rendered":"<p>Gestern hat Andreas die letzten B\u00f6den und die sch\u00f6nen, dunklen Kleiderstangen montiert. Sogar die Auflagen f\u00fcr die Stangen sind aus Holz. Und die ersten Sachen, die ich mal zur Probe reingeh\u00e4ngt habe lassen erahnen, wie sch\u00f6n das wird.<\/p>\n","protected":false},"author":1,"featured_media":1132,"comment_status":"closed","ping_status":"open","sticky":false,"template":"","format":"standard","meta":[],"categories":[1],"tags":[],"_links":{"self":[{"href":"https:\/\/das-gefairt.de\/index.php?rest_route=\/wp\/v2\/posts\/1129"}],"collection":[{"href":"https:\/\/das-gefairt.de\/index.php?rest_route=\/wp\/v2\/posts"}],"about":[{"href":"https:\/\/das-gefairt.de\/index.php?rest_route=\/wp\/v2\/types\/post"}],"author":[{"embeddable":true,"href":"https:\/\/das-gefairt.de\/index.php?rest_route=\/wp\/v2\/users\/1"}],"replies":[{"embeddable":true,"href":"https:\/\/das-gefairt.de\/index.php?rest_route=%2Fwp%2Fv2%2Fcomments&post=1129"}],"version-history":[{"count":1,"href":"https:\/\/das-gefairt.de\/index.php?rest_route=\/wp\/v2\/posts\/1129\/revisions"}],"predecessor-version":[{"id":1133,"href":"https:\/\/das-gefairt.de\/index.php?rest_route=\/wp\/v2\/posts\/1129\/revisions\/1133"}],"wp:featuredmedia":[{"embeddable":true,"href":"https:\/\/das-gefairt.de\/index.php?rest_route=\/wp\/v2\/media\/1132"}],"wp:attachment":[{"href":"https:\/\/das-gefairt.de\/index.php?rest_route=%2Fwp%2Fv2%2Fmedia&parent=1129"}],"wp:term":[{"taxonomy":"category","embeddable":true,"href":"https:\/\/das-gefairt.de\/index.php?rest_route=%2Fwp%2Fv2%2Fcategories&post=1129"},{"taxonomy":"post_tag","embeddable":true,"href":"https:\/\/das-gefairt.de\/index.php?rest_route=%2Fwp%2Fv2%2Ftags&post=1129"}],"curies":[{"name":"wp","href":"https:\/\/api.w.org\/{rel}","templated":true}]}}