{"id":1136,"date":"2021-04-17T13:43:03","date_gmt":"2021-04-17T12:43:03","guid":{"rendered":"http:\/\/dasgefairt.de\/?p=1136"},"modified":"2021-04-17T13:43:03","modified_gmt":"2021-04-17T12:43:03","slug":"soo-tolle-huete-rehats-hat-geliefert","status":"publish","type":"post","link":"https:\/\/das-gefairt.de\/?p=1136","title":{"rendered":"Soo tolle H\u00fcte! ReHats hat geliefert"},"content":{"rendered":"<p>Ich bin total verliebt in meinen neuen Hut: Er sitzt perfekt (Nat\u00fcrlich habe ich Gr\u00f6\u00dfe 57,5 und deshalb 3 der d\u00fcnnen Kork-Einleger im 58-er Hut verbraucht), wie man auf meinem Selfie-mit-Hund-Versuch sieht \ud83d\ude42<\/p>\n<p><img loading=\"lazy\" class=\"alignnone size-medium wp-image-1140\" src=\"http:\/\/dasgefairt.de\/wp-content\/uploads\/2021\/04\/IMG_5804-225x300.jpg\" alt=\"\" width=\"225\" height=\"300\" srcset=\"https:\/\/das-gefairt.de\/wp-content\/uploads\/2021\/04\/IMG_5804-225x300.jpg 225w, https:\/\/das-gefairt.de\/wp-content\/uploads\/2021\/04\/IMG_5804-768x1023.jpg 768w, https:\/\/das-gefairt.de\/wp-content\/uploads\/2021\/04\/IMG_5804-769x1024.jpg 769w, https:\/\/das-gefairt.de\/wp-content\/uploads\/2021\/04\/IMG_5804.jpg 811w\" sizes=\"(max-width: 225px) 100vw, 225px\" \/> <img loading=\"lazy\" class=\"alignnone size-medium wp-image-1139\" src=\"http:\/\/dasgefairt.de\/wp-content\/uploads\/2021\/04\/IMG_5796-225x300.jpg\" alt=\"\" width=\"225\" height=\"300\" srcset=\"https:\/\/das-gefairt.de\/wp-content\/uploads\/2021\/04\/IMG_5796-225x300.jpg 225w, https:\/\/das-gefairt.de\/wp-content\/uploads\/2021\/04\/IMG_5796-768x1023.jpg 768w, https:\/\/das-gefairt.de\/wp-content\/uploads\/2021\/04\/IMG_5796-769x1024.jpg 769w, https:\/\/das-gefairt.de\/wp-content\/uploads\/2021\/04\/IMG_5796.jpg 811w\" sizes=\"(max-width: 225px) 100vw, 225px\" \/><img loading=\"lazy\" class=\"alignnone size-medium wp-image-1137\" src=\"http:\/\/dasgefairt.de\/wp-content\/uploads\/2021\/04\/Portrait-mit-Hut-262x300.jpg\" alt=\"\" width=\"262\" height=\"300\" srcset=\"https:\/\/das-gefairt.de\/wp-content\/uploads\/2021\/04\/Portrait-mit-Hut-262x300.jpg 262w, https:\/\/das-gefairt.de\/wp-content\/uploads\/2021\/04\/Portrait-mit-Hut-768x881.jpg 768w, https:\/\/das-gefairt.de\/wp-content\/uploads\/2021\/04\/Portrait-mit-Hut-893x1024.jpg 893w, https:\/\/das-gefairt.de\/wp-content\/uploads\/2021\/04\/Portrait-mit-Hut.jpg 942w\" sizes=\"(max-width: 262px) 100vw, 262px\" \/><\/p>\n<p>Die H\u00fcte weden in einer Hutmanufaktur in Polen noch ganz traditionell\u00a0 handwerklich produziert. Dort sind Hutmacher in der 3. Generation am Werk. Sie produzieren f\u00fcr ReHats immer aus recycelten Stoffen, die ihre einge Geschichte erz\u00e4hlen. Ich habe 4 St\u00fcck aus der &#8222;Coffee to go&#8220;-Edition im Gefairt, gemacht aus benutzten Kaffees\u00e4cken, es gibt sie auch aus ehemaliger Arbeitskleidung und alten Jeans. Alle auf Wunsch auch \u00fcber mich zu bekommen.<img loading=\"lazy\" class=\"size-medium wp-image-1141 alignleft\" src=\"http:\/\/dasgefairt.de\/wp-content\/uploads\/2021\/04\/about-us-box3-273x300.jpg\" alt=\"\" width=\"273\" height=\"300\" srcset=\"https:\/\/das-gefairt.de\/wp-content\/uploads\/2021\/04\/about-us-box3-273x300.jpg 273w, https:\/\/das-gefairt.de\/wp-content\/uploads\/2021\/04\/about-us-box3-768x845.jpg 768w, https:\/\/das-gefairt.de\/wp-content\/uploads\/2021\/04\/about-us-box3-931x1024.jpg 931w, https:\/\/das-gefairt.de\/wp-content\/uploads\/2021\/04\/about-us-box3.jpg 1000w\" sizes=\"(max-width: 273px) 100vw, 273px\" \/> Hoffe, das wird der neue Trend!<\/p>\n","protected":false},"excerpt":{"rendered":"<p>Ich bin total verliebt in meinen neuen Hut: Er sitzt perfekt (Nat\u00fcrlich habe ich Gr\u00f6\u00dfe 57,5 und deshalb 3 der d\u00fcnnen Kork-Einleger im 58-er Hut verbraucht), wie man auf meinem Selfie-mit-Hund-Versuch sieht \ud83d\ude42 Die H\u00fcte weden in einer Hutmanufaktur in Polen noch ganz traditionell\u00a0 handwerklich produziert. Dort sind Hutmacher in der 3. Generation am Werk. [&hellip;]<\/p>\n","protected":false},"author":1,"featured_media":1138,"comment_status":"closed","ping_status":"open","sticky":false,"template":"","format":"standard","meta":[],"categories":[1],"tags":[],"_links":{"self":[{"href":"https:\/\/das-gefairt.de\/index.php?rest_route=\/wp\/v2\/posts\/1136"}],"collection":[{"href":"https:\/\/das-gefairt.de\/index.php?rest_route=\/wp\/v2\/posts"}],"about":[{"href":"https:\/\/das-gefairt.de\/index.php?rest_route=\/wp\/v2\/types\/post"}],"author":[{"embeddable":true,"href":"https:\/\/das-gefairt.de\/index.php?rest_route=\/wp\/v2\/users\/1"}],"replies":[{"embeddable":true,"href":"https:\/\/das-gefairt.de\/index.php?rest_route=%2Fwp%2Fv2%2Fcomments&post=1136"}],"version-history":[{"count":3,"href":"https:\/\/das-gefairt.de\/index.php?rest_route=\/wp\/v2\/posts\/1136\/revisions"}],"predecessor-version":[{"id":1144,"href":"https:\/\/das-gefairt.de\/index.php?rest_route=\/wp\/v2\/posts\/1136\/revisions\/1144"}],"wp:featuredmedia":[{"embeddable":true,"href":"https:\/\/das-gefairt.de\/index.php?rest_route=\/wp\/v2\/media\/1138"}],"wp:attachment":[{"href":"https:\/\/das-gefairt.de\/index.php?rest_route=%2Fwp%2Fv2%2Fmedia&parent=1136"}],"wp:term":[{"taxonomy":"category","embeddable":true,"href":"https:\/\/das-gefairt.de\/index.php?rest_route=%2Fwp%2Fv2%2Fcategories&post=1136"},{"taxonomy":"post_tag","embeddable":true,"href":"https:\/\/das-gefairt.de\/index.php?rest_route=%2Fwp%2Fv2%2Ftags&post=1136"}],"curies":[{"name":"wp","href":"https:\/\/api.w.org\/{rel}","templated":true}]}}