{"id":1166,"date":"2021-04-26T17:15:38","date_gmt":"2021-04-26T16:15:38","guid":{"rendered":"http:\/\/dasgefairt.de\/?p=1166"},"modified":"2021-04-26T17:15:38","modified_gmt":"2021-04-26T16:15:38","slug":"es-ist-eingeraeumt","status":"publish","type":"post","link":"https:\/\/das-gefairt.de\/?p=1166","title":{"rendered":"Es ist einger\u00e4umt!"},"content":{"rendered":"<p>Ein langer Weg war das bis hierher.<\/p>\n<p>Der Ausgangspunkt: \u00a0 <img loading=\"lazy\" class=\"alignnone size-medium wp-image-1019\" src=\"http:\/\/dasgefairt.de\/wp-content\/uploads\/2020\/10\/innen-300x225.jpg\" alt=\"\" width=\"300\" height=\"225\" srcset=\"https:\/\/das-gefairt.de\/wp-content\/uploads\/2020\/10\/innen-300x225.jpg 300w, https:\/\/das-gefairt.de\/wp-content\/uploads\/2020\/10\/innen-768x576.jpg 768w, https:\/\/das-gefairt.de\/wp-content\/uploads\/2020\/10\/innen-1024x768.jpg 1024w, https:\/\/das-gefairt.de\/wp-content\/uploads\/2020\/10\/innen.jpg 1280w\" sizes=\"(max-width: 300px) 100vw, 300px\" \/><\/p>\n<p>Heute:\u00a0 <img loading=\"lazy\" class=\"alignnone size-medium wp-image-1172\" src=\"http:\/\/dasgefairt.de\/wp-content\/uploads\/2021\/04\/IMG_5854-300x225.jpg\" alt=\"\" width=\"300\" height=\"225\" srcset=\"https:\/\/das-gefairt.de\/wp-content\/uploads\/2021\/04\/IMG_5854-300x225.jpg 300w, https:\/\/das-gefairt.de\/wp-content\/uploads\/2021\/04\/IMG_5854-768x576.jpg 768w, https:\/\/das-gefairt.de\/wp-content\/uploads\/2021\/04\/IMG_5854-1024x768.jpg 1024w, https:\/\/das-gefairt.de\/wp-content\/uploads\/2021\/04\/IMG_5854.jpg 1440w\" sizes=\"(max-width: 300px) 100vw, 300px\" \/><img loading=\"lazy\" class=\"alignnone size-medium wp-image-1178\" src=\"http:\/\/dasgefairt.de\/wp-content\/uploads\/2021\/04\/IMG_5870-300x225.jpg\" alt=\"\" width=\"300\" height=\"225\" srcset=\"https:\/\/das-gefairt.de\/wp-content\/uploads\/2021\/04\/IMG_5870-300x225.jpg 300w, https:\/\/das-gefairt.de\/wp-content\/uploads\/2021\/04\/IMG_5870-768x576.jpg 768w, https:\/\/das-gefairt.de\/wp-content\/uploads\/2021\/04\/IMG_5870-1024x768.jpg 1024w, https:\/\/das-gefairt.de\/wp-content\/uploads\/2021\/04\/IMG_5870.jpg 1440w\" sizes=\"(max-width: 300px) 100vw, 300px\" \/><\/p>\n<p><img loading=\"lazy\" class=\"alignnone size-medium wp-image-1179\" src=\"http:\/\/dasgefairt.de\/wp-content\/uploads\/2021\/04\/IMG_5873-300x225.jpg\" alt=\"\" width=\"300\" height=\"225\" srcset=\"https:\/\/das-gefairt.de\/wp-content\/uploads\/2021\/04\/IMG_5873-300x225.jpg 300w, https:\/\/das-gefairt.de\/wp-content\/uploads\/2021\/04\/IMG_5873-768x576.jpg 768w, https:\/\/das-gefairt.de\/wp-content\/uploads\/2021\/04\/IMG_5873-1024x768.jpg 1024w, https:\/\/das-gefairt.de\/wp-content\/uploads\/2021\/04\/IMG_5873.jpg 1440w\" sizes=\"(max-width: 300px) 100vw, 300px\" \/> <img loading=\"lazy\" class=\"alignnone size-medium wp-image-1177\" src=\"http:\/\/dasgefairt.de\/wp-content\/uploads\/2021\/04\/IMG_5868-300x225.jpg\" alt=\"\" width=\"300\" height=\"225\" srcset=\"https:\/\/das-gefairt.de\/wp-content\/uploads\/2021\/04\/IMG_5868-300x225.jpg 300w, https:\/\/das-gefairt.de\/wp-content\/uploads\/2021\/04\/IMG_5868-768x576.jpg 768w, https:\/\/das-gefairt.de\/wp-content\/uploads\/2021\/04\/IMG_5868-1024x768.jpg 1024w, https:\/\/das-gefairt.de\/wp-content\/uploads\/2021\/04\/IMG_5868.jpg 1440w\" sizes=\"(max-width: 300px) 100vw, 300px\" \/><\/p>\n<p>Wer schon einmal in meinem ersten Gefairt war wird vielleicht merken: Die Warenpr\u00e4sentation sieht viel professioneller aus. Stimmt. <strong>Steffie<\/strong> hat mir geholfen. Sie hat das gelernt. Als sie irgenwann Anfang des Jahres las, dass es das Gefairt gibt, hatte sie sich einfach mal bei mir beworben. Das kann ich mir nat\u00fcrlich leider nicht leisten, aber auch ehrenamtlich hat sie mich gerne unterst\u00fctzt und wird auch noch weiterhin aktiv bleiben. Das Ergebnis spricht f\u00fcr sich, das h\u00e4tte ich alleine nie so hinbekommen. Und: Professionalit\u00e4t ist ja das eine, wenn man das macht und alle M\u00f6glichkeiten hat. Aber hier musste sie mit deutlich erschwerten Bedingungen leben: Unterschiedliche Kleiderb\u00fcgel, extrem begrenzter Platz bei viel zu viel Ware, Falten auf dem Bierzelt-Tisch bei Wind in der Aprilsonne. Kann sie auch \ud83d\ude42\u00a0 DANKE!!<\/p>\n<p>&nbsp;<\/p>\n<p>Zwischenschritte:<img loading=\"lazy\" class=\"alignnone size-medium wp-image-1167\" src=\"http:\/\/dasgefairt.de\/wp-content\/uploads\/2021\/04\/IMG_5774-300x225.jpg\" alt=\"\" width=\"300\" height=\"225\" srcset=\"https:\/\/das-gefairt.de\/wp-content\/uploads\/2021\/04\/IMG_5774-300x225.jpg 300w, https:\/\/das-gefairt.de\/wp-content\/uploads\/2021\/04\/IMG_5774-768x576.jpg 768w, https:\/\/das-gefairt.de\/wp-content\/uploads\/2021\/04\/IMG_5774-1024x768.jpg 1024w, https:\/\/das-gefairt.de\/wp-content\/uploads\/2021\/04\/IMG_5774.jpg 1440w\" sizes=\"(max-width: 300px) 100vw, 300px\" \/><\/p>\n<p>Bei uns zog diverses Werkzeug ein, als letztes: Der Dickenhobel. Da die W\u00e4nde im MAN nicht einfach gerade hoch gehen, sondern etwas bauchig, muss die Seitenwandverkleidung sich dem anpassen. In der normalen Brettst\u00e4rke wollte sie das nicht. Hier die L\u00f6sung: Wie in nem Laminierger\u00e4t Papier+Folie wird hier das Holz reingesteckt, auf der anderen Seite kommt es d\u00fcnner wieder raus. So oft wiederholen, bis das Brett biegbar wird. Dann mit anderen Brettern auf die richtige Gr\u00f6\u00dfe leimen und einbauen: <img loading=\"lazy\" class=\"alignnone size-medium wp-image-1185\" src=\"http:\/\/dasgefairt.de\/wp-content\/uploads\/2021\/04\/IMG_2852-170x300.jpg\" alt=\"\" width=\"170\" height=\"300\" srcset=\"https:\/\/das-gefairt.de\/wp-content\/uploads\/2021\/04\/IMG_2852-170x300.jpg 170w, https:\/\/das-gefairt.de\/wp-content\/uploads\/2021\/04\/IMG_2852.jpg 465w\" sizes=\"(max-width: 170px) 100vw, 170px\" \/><\/p>\n<p>\u00dcber meinem Kopf ist die L\u00f6sung f\u00fcr die st\u00e4rkere Biegung knapp zu sehen, die das Holz trotz Bad in der Wanne nicht hergab:<\/p>\n<p><img loading=\"lazy\" class=\"alignnone size-medium wp-image-1180\" src=\"http:\/\/dasgefairt.de\/wp-content\/uploads\/2021\/04\/IMG_2841-300x225.jpg\" alt=\"\" width=\"300\" height=\"225\" srcset=\"https:\/\/das-gefairt.de\/wp-content\/uploads\/2021\/04\/IMG_2841-300x225.jpg 300w, https:\/\/das-gefairt.de\/wp-content\/uploads\/2021\/04\/IMG_2841-768x576.jpg 768w, https:\/\/das-gefairt.de\/wp-content\/uploads\/2021\/04\/IMG_2841-1024x768.jpg 1024w, https:\/\/das-gefairt.de\/wp-content\/uploads\/2021\/04\/IMG_2841.jpg 1440w\" sizes=\"(max-width: 300px) 100vw, 300px\" \/> <img loading=\"lazy\" class=\"size-medium wp-image-1181 alignleft\" src=\"http:\/\/dasgefairt.de\/wp-content\/uploads\/2021\/04\/IMG_2848-300x225.jpg\" alt=\"\" width=\"300\" height=\"225\" srcset=\"https:\/\/das-gefairt.de\/wp-content\/uploads\/2021\/04\/IMG_2848-300x225.jpg 300w, https:\/\/das-gefairt.de\/wp-content\/uploads\/2021\/04\/IMG_2848-768x576.jpg 768w, https:\/\/das-gefairt.de\/wp-content\/uploads\/2021\/04\/IMG_2848-1024x768.jpg 1024w, https:\/\/das-gefairt.de\/wp-content\/uploads\/2021\/04\/IMG_2848.jpg 1440w\" sizes=\"(max-width: 300px) 100vw, 300px\" \/><\/p>\n<p>Wozu die Holzklasse der Berliner S-Bahnen einen so alles anregen kann&#8230;<\/p>\n<p>Und zwischendurch immer wieder gro\u00dfartig: Der genervete Hund:<\/p>\n<p><img loading=\"lazy\" class=\"alignnone size-medium wp-image-1168\" src=\"http:\/\/dasgefairt.de\/wp-content\/uploads\/2021\/04\/IMG_5861-300x225.jpg\" alt=\"\" width=\"300\" height=\"225\" srcset=\"https:\/\/das-gefairt.de\/wp-content\/uploads\/2021\/04\/IMG_5861-300x225.jpg 300w, https:\/\/das-gefairt.de\/wp-content\/uploads\/2021\/04\/IMG_5861-768x576.jpg 768w, https:\/\/das-gefairt.de\/wp-content\/uploads\/2021\/04\/IMG_5861-1024x768.jpg 1024w, https:\/\/das-gefairt.de\/wp-content\/uploads\/2021\/04\/IMG_5861.jpg 1440w\" sizes=\"(max-width: 300px) 100vw, 300px\" \/> <img loading=\"lazy\" class=\"alignnone size-medium wp-image-1189\" src=\"http:\/\/dasgefairt.de\/wp-content\/uploads\/2021\/04\/IMG_5858-1-225x300.jpg\" alt=\"\" width=\"225\" height=\"300\" srcset=\"https:\/\/das-gefairt.de\/wp-content\/uploads\/2021\/04\/IMG_5858-1-225x300.jpg 225w, https:\/\/das-gefairt.de\/wp-content\/uploads\/2021\/04\/IMG_5858-1-768x1024.jpg 768w, https:\/\/das-gefairt.de\/wp-content\/uploads\/2021\/04\/IMG_5858-1.jpg 810w\" sizes=\"(max-width: 225px) 100vw, 225px\" \/> <img loading=\"lazy\" class=\"alignnone size-medium wp-image-1173\" src=\"http:\/\/dasgefairt.de\/wp-content\/uploads\/2021\/04\/IMG_5853-169x300.jpg\" alt=\"\" width=\"169\" height=\"300\" srcset=\"https:\/\/das-gefairt.de\/wp-content\/uploads\/2021\/04\/IMG_5853-169x300.jpg 169w, https:\/\/das-gefairt.de\/wp-content\/uploads\/2021\/04\/IMG_5853-576x1024.jpg 576w, https:\/\/das-gefairt.de\/wp-content\/uploads\/2021\/04\/IMG_5853.jpg 608w\" sizes=\"(max-width: 169px) 100vw, 169px\" \/><\/p>\n<p>Aus allen Positionen hat er uns beobachtet. Und als wir uns fortw\u00e4rhend nicht mit ihm besch\u00e4ftigten, hat er sich ein Hobby zugelegt: W\u00e4scheklammern klauen und auf seinem Teppich sammeln. So sieht Frust aus. Aber es kommen auch wieder &#8222;bessere&#8220; Zeiten&#8230;<\/p>\n<p>&nbsp;<\/p>\n","protected":false},"excerpt":{"rendered":"<p>Ein langer Weg war das bis hierher. Der Ausgangspunkt: \u00a0 Heute:\u00a0 Wer schon einmal in meinem ersten Gefairt war wird vielleicht merken: Die Warenpr\u00e4sentation sieht viel professioneller aus. Stimmt. Steffie hat mir geholfen. Sie hat das gelernt. Als sie irgenwann Anfang des Jahres las, dass es das Gefairt gibt, hatte sie sich einfach mal bei [&hellip;]<\/p>\n","protected":false},"author":1,"featured_media":1176,"comment_status":"closed","ping_status":"open","sticky":false,"template":"","format":"standard","meta":[],"categories":[1],"tags":[],"_links":{"self":[{"href":"https:\/\/das-gefairt.de\/index.php?rest_route=\/wp\/v2\/posts\/1166"}],"collection":[{"href":"https:\/\/das-gefairt.de\/index.php?rest_route=\/wp\/v2\/posts"}],"about":[{"href":"https:\/\/das-gefairt.de\/index.php?rest_route=\/wp\/v2\/types\/post"}],"author":[{"embeddable":true,"href":"https:\/\/das-gefairt.de\/index.php?rest_route=\/wp\/v2\/users\/1"}],"replies":[{"embeddable":true,"href":"https:\/\/das-gefairt.de\/index.php?rest_route=%2Fwp%2Fv2%2Fcomments&post=1166"}],"version-history":[{"count":6,"href":"https:\/\/das-gefairt.de\/index.php?rest_route=\/wp\/v2\/posts\/1166\/revisions"}],"predecessor-version":[{"id":1190,"href":"https:\/\/das-gefairt.de\/index.php?rest_route=\/wp\/v2\/posts\/1166\/revisions\/1190"}],"wp:featuredmedia":[{"embeddable":true,"href":"https:\/\/das-gefairt.de\/index.php?rest_route=\/wp\/v2\/media\/1176"}],"wp:attachment":[{"href":"https:\/\/das-gefairt.de\/index.php?rest_route=%2Fwp%2Fv2%2Fmedia&parent=1166"}],"wp:term":[{"taxonomy":"category","embeddable":true,"href":"https:\/\/das-gefairt.de\/index.php?rest_route=%2Fwp%2Fv2%2Fcategories&post=1166"},{"taxonomy":"post_tag","embeddable":true,"href":"https:\/\/das-gefairt.de\/index.php?rest_route=%2Fwp%2Fv2%2Ftags&post=1166"}],"curies":[{"name":"wp","href":"https:\/\/api.w.org\/{rel}","templated":true}]}}