{"id":1213,"date":"2021-06-01T14:14:08","date_gmt":"2021-06-01T13:14:08","guid":{"rendered":"http:\/\/dasgefairt.de\/?p=1213"},"modified":"2021-06-01T15:34:40","modified_gmt":"2021-06-01T14:34:40","slug":"fotoshooting","status":"publish","type":"post","link":"https:\/\/das-gefairt.de\/?p=1213","title":{"rendered":"Fotoshooting"},"content":{"rendered":"<p>Wir haben vergangenen Samstag das tolle Wetter genutzt, um euch einen kleinen Einblick in die Fr\u00fchjahrskollektion des Gefairts zu geben.<\/p>\n<p><img loading=\"lazy\" class=\"size-medium wp-image-1206 alignleft\" src=\"http:\/\/dasgefairt.de\/wp-content\/uploads\/2021\/06\/Team-Feuervogl-225x300.jpg\" alt=\"\" width=\"225\" height=\"300\" srcset=\"https:\/\/das-gefairt.de\/wp-content\/uploads\/2021\/06\/Team-Feuervogl-225x300.jpg 225w, https:\/\/das-gefairt.de\/wp-content\/uploads\/2021\/06\/Team-Feuervogl-768x1024.jpg 768w, https:\/\/das-gefairt.de\/wp-content\/uploads\/2021\/06\/Team-Feuervogl.jpg 810w\" sizes=\"(max-width: 225px) 100vw, 225px\" \/>Auf dem Beitragsbild seht ihr von Feuervogl ein Kleid und eine Jeans mit Gummizug unten an den Beinen, kombiniert mit einer Kastenbluse von Global Mamas. Wer sich noch an die letzte dieser Art erinnert: Diese ist die entscheidenden 2cm l\u00e4nger.<\/p>\n<p>&nbsp;<\/p>\n<p>&nbsp;<\/p>\n<p>&nbsp;<\/p>\n<p>&nbsp;<\/p>\n<p>&nbsp;<\/p>\n<p>&nbsp;<\/p>\n<p>&nbsp;<\/p>\n<p><img loading=\"lazy\" class=\"size-medium wp-image-1204 alignleft\" src=\"http:\/\/dasgefairt.de\/wp-content\/uploads\/2021\/06\/Team-Batik-225x300.jpg\" alt=\"\" width=\"225\" height=\"300\" srcset=\"https:\/\/das-gefairt.de\/wp-content\/uploads\/2021\/06\/Team-Batik-225x300.jpg 225w, https:\/\/das-gefairt.de\/wp-content\/uploads\/2021\/06\/Team-Batik-768x1024.jpg 768w, https:\/\/das-gefairt.de\/wp-content\/uploads\/2021\/06\/Team-Batik.jpg 810w\" sizes=\"(max-width: 225px) 100vw, 225px\" \/><\/p>\n<p>Hier tragen meine kopflosen Mitarbeiterinnen gerade 2 Teile aus der Kollektion von Sabine Grooten-Thal. Handbatik aus W\u00fcrselen. Auf\u00a0 Biobaumwolle bzw. Gase. Steffi hatte zuf\u00e4llig eine gut dazu passensde Jeansjacke mit, die wir spontan dazu kombiniert haben.<\/p>\n<p>&nbsp;<\/p>\n<p>&nbsp;<\/p>\n<p>&nbsp;<\/p>\n<p>&nbsp;<\/p>\n<p>&nbsp;<\/p>\n<p>&nbsp;<\/p>\n<p>&nbsp;<\/p>\n<p><img loading=\"lazy\" class=\"size-medium wp-image-1208 alignleft\" src=\"http:\/\/dasgefairt.de\/wp-content\/uploads\/2021\/06\/Team-LeinenHanf-225x300.jpg\" alt=\"\" width=\"225\" height=\"300\" srcset=\"https:\/\/das-gefairt.de\/wp-content\/uploads\/2021\/06\/Team-LeinenHanf-225x300.jpg 225w, https:\/\/das-gefairt.de\/wp-content\/uploads\/2021\/06\/Team-LeinenHanf-768x1024.jpg 768w, https:\/\/das-gefairt.de\/wp-content\/uploads\/2021\/06\/Team-LeinenHanf.jpg 810w\" sizes=\"(max-width: 225px) 100vw, 225px\" \/><\/p>\n<p>Auf diesem Foto: Besonders gut f\u00fcr den Sommer geeignetes Material: Leinen (schwarzes Kleid, Feuervogl) und Hanf (Shorts). Dazu eine ganz neue Stoffvariante beim T-Shirt: Recycelte Jeans. Solche T-Shirts werden aus jeder alten Jeans, die ihr bei mir abgebt. Blueloop schreddert sie, mischt sie mit frischen Fasern (Baumwolle oder Tencel) und macht aus ihnen neuen Stoff, der zu Pullovern, Polos oder T-Shirts wird. Etwas teurer zwar, auch wegen der ganzen Entwicklungsarbeit, aber naturlich unglaublich ressourcenschohnend.<\/p>\n<p>&nbsp;<\/p>\n<p>&nbsp;<\/p>\n<p>&nbsp;<\/p>\n<p>&nbsp;<\/p>\n<p>&nbsp;<\/p>\n<p>&nbsp;<\/p>\n<p><img loading=\"lazy\" class=\"size-medium wp-image-1202 alignleft\" src=\"http:\/\/dasgefairt.de\/wp-content\/uploads\/2021\/06\/Ma\u0308nner2-300x201.jpg\" alt=\"\" width=\"300\" height=\"201\" srcset=\"https:\/\/das-gefairt.de\/wp-content\/uploads\/2021\/06\/Ma\u0308nner2-300x201.jpg 300w, https:\/\/das-gefairt.de\/wp-content\/uploads\/2021\/06\/Ma\u0308nner2-768x515.jpg 768w, https:\/\/das-gefairt.de\/wp-content\/uploads\/2021\/06\/Ma\u0308nner2-1024x687.jpg 1024w, https:\/\/das-gefairt.de\/wp-content\/uploads\/2021\/06\/Ma\u0308nner2-750x500.jpg 750w, https:\/\/das-gefairt.de\/wp-content\/uploads\/2021\/06\/Ma\u0308nner2.jpg 1610w\" sizes=\"(max-width: 300px) 100vw, 300px\" \/><\/p>\n<p>Ja, es gibt auch was f\u00fcr M\u00e4nner:<br \/>\nT-Shirt, Pulli und Polo aus alten Jeans, kurze Hosen aus Hanf bzw. Baumwolle. Schieber aus recyceltem Kaffeesack.<\/p>\n<p>Meine M\u00e4dels sind in diesen Sachen nicht so gut, und so musste der Gartentisch herhalten.<\/p>\n<p>&nbsp;<\/p>\n<p>&nbsp;<\/p>\n<p>&nbsp;<\/p>\n<p><img loading=\"lazy\" class=\"size-medium wp-image-1216 alignleft\" src=\"http:\/\/dasgefairt.de\/wp-content\/uploads\/2021\/06\/IMG_2953-225x300.jpg\" alt=\"\" width=\"225\" height=\"300\" srcset=\"https:\/\/das-gefairt.de\/wp-content\/uploads\/2021\/06\/IMG_2953-225x300.jpg 225w, https:\/\/das-gefairt.de\/wp-content\/uploads\/2021\/06\/IMG_2953-768x1024.jpg 768w, https:\/\/das-gefairt.de\/wp-content\/uploads\/2021\/06\/IMG_2953.jpg 810w\" sizes=\"(max-width: 225px) 100vw, 225px\" \/><\/p>\n<p>Und jetzt: 2 Blusen der Gobal Mamas. Die linke der beiden gibt es auch noch in nem hellen t\u00fcrkis. Auf dem B\u00fcgel h\u00e4ngend sehen sie immer nicht so ansprechend aus, aber wenn man sie anzieht ist zu sehen, wie sie gedacht sind.<\/p>\n<p>&nbsp;<\/p>\n<p>&nbsp;<\/p>\n<p>&nbsp;<\/p>\n<p>&nbsp;<\/p>\n<p>&nbsp;<\/p>\n<p>&nbsp;<\/p>\n<p><img loading=\"lazy\" class=\"size-medium wp-image-1212 alignleft\" src=\"http:\/\/dasgefairt.de\/wp-content\/uploads\/2021\/06\/IMG_2919-225x300.jpg\" alt=\"\" width=\"225\" height=\"300\" srcset=\"https:\/\/das-gefairt.de\/wp-content\/uploads\/2021\/06\/IMG_2919-225x300.jpg 225w, https:\/\/das-gefairt.de\/wp-content\/uploads\/2021\/06\/IMG_2919-768x1024.jpg 768w, https:\/\/das-gefairt.de\/wp-content\/uploads\/2021\/06\/IMG_2919.jpg 810w\" sizes=\"(max-width: 225px) 100vw, 225px\" \/><\/p>\n<p>Hier noch ein weiteres der recycelten Jeans-T-Shirts und ein Kleid von eyd, das im letzten Sommer irgendwie untergegangen und deshalb noch da ist.<\/p>\n<p>&nbsp;<\/p>\n<p>&nbsp;<\/p>\n<p>&nbsp;<\/p>\n<p>&nbsp;<\/p>\n<p>&nbsp;<\/p>\n<p>&nbsp;<\/p>\n<p><img loading=\"lazy\" class=\"size-medium wp-image-1210 alignleft\" src=\"http:\/\/dasgefairt.de\/wp-content\/uploads\/2021\/06\/Team-SommerkleidTShirt-225x300.jpg\" alt=\"\" width=\"225\" height=\"300\" srcset=\"https:\/\/das-gefairt.de\/wp-content\/uploads\/2021\/06\/Team-SommerkleidTShirt-225x300.jpg 225w, https:\/\/das-gefairt.de\/wp-content\/uploads\/2021\/06\/Team-SommerkleidTShirt-768x1024.jpg 768w, https:\/\/das-gefairt.de\/wp-content\/uploads\/2021\/06\/Team-SommerkleidTShirt.jpg 810w\" sizes=\"(max-width: 225px) 100vw, 225px\" \/><\/p>\n<p>Zu guter letzt noch ein weiteres Kleid, das es aus dem letzen Sommer bis in diesen geschafft hat, diesmal eins von Greenbomb. Und an der anderen Dame mal wieder unten neue, oben recycelte Jeans.<\/p>\n<p>&nbsp;<\/p>\n<p>&nbsp;<\/p>\n<p>&nbsp;<\/p>\n<p>&nbsp;<\/p>\n<p>&nbsp;<\/p>\n<p>&nbsp;<\/p>\n<p><img loading=\"lazy\" class=\"size-medium wp-image-1219 alignleft\" src=\"http:\/\/dasgefairt.de\/wp-content\/uploads\/2021\/06\/IMG_2918-208x300.jpg\" alt=\"\" width=\"208\" height=\"300\" srcset=\"https:\/\/das-gefairt.de\/wp-content\/uploads\/2021\/06\/IMG_2918-208x300.jpg 208w, https:\/\/das-gefairt.de\/wp-content\/uploads\/2021\/06\/IMG_2918-710x1024.jpg 710w, https:\/\/das-gefairt.de\/wp-content\/uploads\/2021\/06\/IMG_2918.jpg 749w\" sizes=\"(max-width: 208px) 100vw, 208px\" \/><\/p>\n<p>Danke an Steffi, die das alles dekoriert hat \ud83d\ude42<\/p>\n<p>&nbsp;<\/p>\n<p>&nbsp;<\/p>\n<p>&nbsp;<\/p>\n<p>&nbsp;<\/p>\n<p>&nbsp;<\/p>\n<p>&nbsp;<\/p>\n<p>&nbsp;<\/p>\n<p><img loading=\"lazy\" class=\"size-medium wp-image-1220 alignleft\" src=\"http:\/\/dasgefairt.de\/wp-content\/uploads\/2021\/06\/IMG_2975-300x224.jpg\" alt=\"\" width=\"300\" height=\"224\" srcset=\"https:\/\/das-gefairt.de\/wp-content\/uploads\/2021\/06\/IMG_2975-300x224.jpg 300w, https:\/\/das-gefairt.de\/wp-content\/uploads\/2021\/06\/IMG_2975-768x574.jpg 768w, https:\/\/das-gefairt.de\/wp-content\/uploads\/2021\/06\/IMG_2975-1024x766.jpg 1024w, https:\/\/das-gefairt.de\/wp-content\/uploads\/2021\/06\/IMG_2975.jpg 1444w\" sizes=\"(max-width: 300px) 100vw, 300px\" \/><\/p>\n<p>After-work \ud83d\ude42<\/p>\n<p>&nbsp;<\/p>\n<p>&nbsp;<\/p>\n","protected":false},"excerpt":{"rendered":"<p>Wir haben vergangenen Samstag das tolle Wetter genutzt, um euch einen kleinen Einblick in die Fr\u00fchjahrskollektion des Gefairts zu geben. Auf dem Beitragsbild seht ihr von Feuervogl ein Kleid und eine Jeans mit Gummizug unten an den Beinen, kombiniert mit einer Kastenbluse von Global Mamas. Wer sich noch an die letzte dieser Art erinnert: Diese [&hellip;]<\/p>\n","protected":false},"author":1,"featured_media":1206,"comment_status":"closed","ping_status":"open","sticky":false,"template":"","format":"standard","meta":[],"categories":[1],"tags":[],"_links":{"self":[{"href":"https:\/\/das-gefairt.de\/index.php?rest_route=\/wp\/v2\/posts\/1213"}],"collection":[{"href":"https:\/\/das-gefairt.de\/index.php?rest_route=\/wp\/v2\/posts"}],"about":[{"href":"https:\/\/das-gefairt.de\/index.php?rest_route=\/wp\/v2\/types\/post"}],"author":[{"embeddable":true,"href":"https:\/\/das-gefairt.de\/index.php?rest_route=\/wp\/v2\/users\/1"}],"replies":[{"embeddable":true,"href":"https:\/\/das-gefairt.de\/index.php?rest_route=%2Fwp%2Fv2%2Fcomments&post=1213"}],"version-history":[{"count":8,"href":"https:\/\/das-gefairt.de\/index.php?rest_route=\/wp\/v2\/posts\/1213\/revisions"}],"predecessor-version":[{"id":1224,"href":"https:\/\/das-gefairt.de\/index.php?rest_route=\/wp\/v2\/posts\/1213\/revisions\/1224"}],"wp:featuredmedia":[{"embeddable":true,"href":"https:\/\/das-gefairt.de\/index.php?rest_route=\/wp\/v2\/media\/1206"}],"wp:attachment":[{"href":"https:\/\/das-gefairt.de\/index.php?rest_route=%2Fwp%2Fv2%2Fmedia&parent=1213"}],"wp:term":[{"taxonomy":"category","embeddable":true,"href":"https:\/\/das-gefairt.de\/index.php?rest_route=%2Fwp%2Fv2%2Fcategories&post=1213"},{"taxonomy":"post_tag","embeddable":true,"href":"https:\/\/das-gefairt.de\/index.php?rest_route=%2Fwp%2Fv2%2Ftags&post=1213"}],"curies":[{"name":"wp","href":"https:\/\/api.w.org\/{rel}","templated":true}]}}