{"id":1413,"date":"2022-04-01T13:35:14","date_gmt":"2022-04-01T12:35:14","guid":{"rendered":"http:\/\/dasgefairt.de\/?p=1413"},"modified":"2022-04-11T08:20:17","modified_gmt":"2022-04-11T07:20:17","slug":"wdr-reportage-mein-dorf","status":"publish","type":"post","link":"https:\/\/das-gefairt.de\/?p=1413","title":{"rendered":"WDR-Reportage &#8222;Mein Dorf&#8220;"},"content":{"rendered":"<p><img loading=\"lazy\" class=\"alignnone size-medium wp-image-1415\" src=\"http:\/\/dasgefairt.de\/wp-content\/uploads\/2022\/04\/WDR-4-verkleinert-300x225.jpg\" alt=\"\" width=\"300\" height=\"225\" srcset=\"https:\/\/das-gefairt.de\/wp-content\/uploads\/2022\/04\/WDR-4-verkleinert-300x225.jpg 300w, https:\/\/das-gefairt.de\/wp-content\/uploads\/2022\/04\/WDR-4-verkleinert-768x576.jpg 768w, https:\/\/das-gefairt.de\/wp-content\/uploads\/2022\/04\/WDR-4-verkleinert-1024x768.jpg 1024w, https:\/\/das-gefairt.de\/wp-content\/uploads\/2022\/04\/WDR-4-verkleinert.jpg 1440w\" sizes=\"(max-width: 300px) 100vw, 300px\" \/><\/p>\n<p>Am Mittwoch waren Frau Kr\u00fcll von WDR4 und Andreas Rehm, Vorsitzender der Fairtradetown-Steuerungsgruppe aus Haan bei mir am Gefairt zu Gast.<\/p>\n<p>Unter 4 verschiedenen Gesichtspunkten werden in der Vorosterwoche kleine Beitr\u00e4ge \u00fcber Haan im Nachmittagsprogramm gesendet, unter dem Titel &#8222;Mein Dorf&#8220;. Eines der Themen f\u00fcr Haan (neben z.B. Gartenstadt) wird &#8222;die Fairtrade-town&#8220; sein. Diesen Titel darf Haan seit Januar 2016 tragen, und Andreas Rehm kam auf die Idee, auch mich in diesem Zusammenhang interviewen zu lassen (danke :-)). Ich bin echt gespannt, was dabei raus kommt. Ist nur ganz kurz (Redebeitrag von mir ca. 30 Sekunden&#8230;), ich hoffe trotzdem, dass ich besser klinge als ich auf dem entstandenen Foto schaue&#8230;<\/p>\n","protected":false},"excerpt":{"rendered":"<p>Am Mittwoch waren Frau Kr\u00fcll von WDR4 und Andreas Rehm, Vorsitzender der Fairtradetown-Steuerungsgruppe aus Haan bei mir am Gefairt zu Gast. Unter 4 verschiedenen Gesichtspunkten werden in der Vorosterwoche kleine Beitr\u00e4ge \u00fcber Haan im Nachmittagsprogramm gesendet, unter dem Titel &#8222;Mein Dorf&#8220;. Eines der Themen f\u00fcr Haan (neben z.B. Gartenstadt) wird &#8222;die Fairtrade-town&#8220; sein. Diesen Titel [&hellip;]<\/p>\n","protected":false},"author":1,"featured_media":1415,"comment_status":"closed","ping_status":"open","sticky":false,"template":"","format":"standard","meta":[],"categories":[1],"tags":[],"_links":{"self":[{"href":"https:\/\/das-gefairt.de\/index.php?rest_route=\/wp\/v2\/posts\/1413"}],"collection":[{"href":"https:\/\/das-gefairt.de\/index.php?rest_route=\/wp\/v2\/posts"}],"about":[{"href":"https:\/\/das-gefairt.de\/index.php?rest_route=\/wp\/v2\/types\/post"}],"author":[{"embeddable":true,"href":"https:\/\/das-gefairt.de\/index.php?rest_route=\/wp\/v2\/users\/1"}],"replies":[{"embeddable":true,"href":"https:\/\/das-gefairt.de\/index.php?rest_route=%2Fwp%2Fv2%2Fcomments&post=1413"}],"version-history":[{"count":4,"href":"https:\/\/das-gefairt.de\/index.php?rest_route=\/wp\/v2\/posts\/1413\/revisions"}],"predecessor-version":[{"id":1429,"href":"https:\/\/das-gefairt.de\/index.php?rest_route=\/wp\/v2\/posts\/1413\/revisions\/1429"}],"wp:featuredmedia":[{"embeddable":true,"href":"https:\/\/das-gefairt.de\/index.php?rest_route=\/wp\/v2\/media\/1415"}],"wp:attachment":[{"href":"https:\/\/das-gefairt.de\/index.php?rest_route=%2Fwp%2Fv2%2Fmedia&parent=1413"}],"wp:term":[{"taxonomy":"category","embeddable":true,"href":"https:\/\/das-gefairt.de\/index.php?rest_route=%2Fwp%2Fv2%2Fcategories&post=1413"},{"taxonomy":"post_tag","embeddable":true,"href":"https:\/\/das-gefairt.de\/index.php?rest_route=%2Fwp%2Fv2%2Ftags&post=1413"}],"curies":[{"name":"wp","href":"https:\/\/api.w.org\/{rel}","templated":true}]}}