{"id":1437,"date":"2022-04-22T15:17:04","date_gmt":"2022-04-22T14:17:04","guid":{"rendered":"http:\/\/dasgefairt.de\/?p=1437"},"modified":"2022-04-22T15:17:04","modified_gmt":"2022-04-22T14:17:04","slug":"initiative-lieferkettengesetz","status":"publish","type":"post","link":"https:\/\/das-gefairt.de\/?p=1437","title":{"rendered":"Initiative Lieferkettengesetz"},"content":{"rendered":"<p><img loading=\"lazy\" class=\"size-medium wp-image-1439 alignleft\" src=\"http:\/\/dasgefairt.de\/wp-content\/uploads\/2022\/04\/EU-Lieferkettengesetz_SocialMedia_1080x1080-2-300x300.jpg\" alt=\"\" width=\"300\" height=\"300\" srcset=\"https:\/\/das-gefairt.de\/wp-content\/uploads\/2022\/04\/EU-Lieferkettengesetz_SocialMedia_1080x1080-2-300x300.jpg 300w, https:\/\/das-gefairt.de\/wp-content\/uploads\/2022\/04\/EU-Lieferkettengesetz_SocialMedia_1080x1080-2-150x150.jpg 150w, https:\/\/das-gefairt.de\/wp-content\/uploads\/2022\/04\/EU-Lieferkettengesetz_SocialMedia_1080x1080-2-768x768.jpg 768w, https:\/\/das-gefairt.de\/wp-content\/uploads\/2022\/04\/EU-Lieferkettengesetz_SocialMedia_1080x1080-2-1024x1024.jpg 1024w, https:\/\/das-gefairt.de\/wp-content\/uploads\/2022\/04\/EU-Lieferkettengesetz_SocialMedia_1080x1080-2-180x180.jpg 180w, https:\/\/das-gefairt.de\/wp-content\/uploads\/2022\/04\/EU-Lieferkettengesetz_SocialMedia_1080x1080-2-600x600.jpg 600w, https:\/\/das-gefairt.de\/wp-content\/uploads\/2022\/04\/EU-Lieferkettengesetz_SocialMedia_1080x1080-2-500x500.jpg 500w, https:\/\/das-gefairt.de\/wp-content\/uploads\/2022\/04\/EU-Lieferkettengesetz_SocialMedia_1080x1080-2.jpg 1080w\" sizes=\"(max-width: 300px) 100vw, 300px\" \/>Zur Zeit wird in Europa ein neues Lieferkettengesetz diskutiert. Die Initative Lieferkettengesezt hat dazu eine Online-Petition gestartet, die super wichtig und unbedingt zu unterst\u00fctzen ist. Macht mit!<br \/>\nIch hab hier den Eingangstext von deren Homepage kopiert. Unter diesem Link k\u00f6nnt ihr die Initiative unterst\u00fctzen:<\/p>\n<blockquote class=\"wp-embedded-content\" data-secret=\"OFuZyAN5B1\"><p><a href=\"https:\/\/lieferkettengesetz.de\/mitmachen\/\">Ein starkes EU-Lieferkettengesetz braucht R\u00fcckenwind aus Deutschland<\/a><\/p><\/blockquote>\n<p><iframe class=\"wp-embedded-content\" sandbox=\"allow-scripts\" security=\"restricted\" style=\"position: absolute; clip: rect(1px, 1px, 1px, 1px);\" src=\"https:\/\/lieferkettengesetz.de\/mitmachen\/embed\/#?secret=sUdv9aANMU#?secret=OFuZyAN5B1\" data-secret=\"OFuZyAN5B1\" width=\"600\" height=\"338\" title=\"&#8222;Ein starkes EU-Lieferkettengesetz braucht R\u00fcckenwind aus Deutschland&#8220; &#8212; Initiative Lieferkettengesetz\" frameborder=\"0\" marginwidth=\"0\" marginheight=\"0\" scrolling=\"no\"><\/iframe><\/p>\n<p>&nbsp;<\/p>\n<div id=\"single-title\" class=\"col-lg-8 offset-lg-2 heading--block\">\n<h4>&#8222;Schutz der Menschenrechte und eine globale nachhaltige Entwicklung: Die Europ\u00e4ische Union hat sich verpflichtet, zu diesen Zielen beizutragen. Im Angesicht der aktuellen Krisen sind diese Ziele wichtiger denn je. Doch viel zu oft stehen europ\u00e4ische Unternehmen f\u00fcr das Gegenteil: Mit skrupellosen Gesch\u00e4ftspraktiken tragen sie ma\u00dfgeblich zu gef\u00e4hrlichen Arbeitsbedingungen, ausbeuterischer Kinderarbeit und zerst\u00f6rten Regenw\u00e4ldern auf der Welt bei. Viel zu oft m\u00fcssen Menschen und Umwelt f\u00fcr die Profite von Konzernen aus Europa zahlen.<\/h4>\n<h4>Es ist an der Zeit, dass Europa Verantwortung \u00fcbernimmt und ein wirksames EU-Lieferkettengesetz beschlie\u00dft: So kann Europa f\u00fcr unseren Planeten und seine Menschen einen echten Unterschied machen.<\/h4>\n<h4>Wir sind ein B\u00fcndnis aus mehr als 130 zivilgesellschaftlichen Organisationen. In Deutschland haben wir bereits ein Lieferkettengesetz erk\u00e4mpft. Aufgrund des Widerstands der Wirtschaftslobby hat es aber noch Schw\u00e4chen und L\u00fccken. Deshalb brauchen wir ein umso st\u00e4rkeres EU-Lieferkettengesetz, das europaweit verpflichtende Menschenrechts- und Umweltstandards f\u00fcr Unternehmen schafft. <strong>Liebes Europa, yes EU can!&#8220;<\/strong><\/h4>\n<\/div>\n","protected":false},"excerpt":{"rendered":"<p>Zur Zeit wird in Europa ein neues Lieferkettengesetz diskutiert. Die Initative Lieferkettengesezt hat dazu eine Online-Petition gestartet, die super wichtig und unbedingt zu unterst\u00fctzen ist. Macht mit! Ich hab hier den Eingangstext von deren Homepage kopiert. Unter diesem Link k\u00f6nnt ihr die Initiative unterst\u00fctzen: Ein starkes EU-Lieferkettengesetz braucht R\u00fcckenwind aus Deutschland &nbsp; &#8222;Schutz der Menschenrechte [&hellip;]<\/p>\n","protected":false},"author":1,"featured_media":1441,"comment_status":"closed","ping_status":"open","sticky":false,"template":"","format":"standard","meta":[],"categories":[1],"tags":[],"_links":{"self":[{"href":"https:\/\/das-gefairt.de\/index.php?rest_route=\/wp\/v2\/posts\/1437"}],"collection":[{"href":"https:\/\/das-gefairt.de\/index.php?rest_route=\/wp\/v2\/posts"}],"about":[{"href":"https:\/\/das-gefairt.de\/index.php?rest_route=\/wp\/v2\/types\/post"}],"author":[{"embeddable":true,"href":"https:\/\/das-gefairt.de\/index.php?rest_route=\/wp\/v2\/users\/1"}],"replies":[{"embeddable":true,"href":"https:\/\/das-gefairt.de\/index.php?rest_route=%2Fwp%2Fv2%2Fcomments&post=1437"}],"version-history":[{"count":1,"href":"https:\/\/das-gefairt.de\/index.php?rest_route=\/wp\/v2\/posts\/1437\/revisions"}],"predecessor-version":[{"id":1443,"href":"https:\/\/das-gefairt.de\/index.php?rest_route=\/wp\/v2\/posts\/1437\/revisions\/1443"}],"wp:featuredmedia":[{"embeddable":true,"href":"https:\/\/das-gefairt.de\/index.php?rest_route=\/wp\/v2\/media\/1441"}],"wp:attachment":[{"href":"https:\/\/das-gefairt.de\/index.php?rest_route=%2Fwp%2Fv2%2Fmedia&parent=1437"}],"wp:term":[{"taxonomy":"category","embeddable":true,"href":"https:\/\/das-gefairt.de\/index.php?rest_route=%2Fwp%2Fv2%2Fcategories&post=1437"},{"taxonomy":"post_tag","embeddable":true,"href":"https:\/\/das-gefairt.de\/index.php?rest_route=%2Fwp%2Fv2%2Ftags&post=1437"}],"curies":[{"name":"wp","href":"https:\/\/api.w.org\/{rel}","templated":true}]}}