{"id":1577,"date":"2022-06-01T09:56:52","date_gmt":"2022-06-01T08:56:52","guid":{"rendered":"http:\/\/dasgefairt.de\/?p=1577"},"modified":"2022-06-01T09:56:52","modified_gmt":"2022-06-01T08:56:52","slug":"leute-machen-kleider","status":"publish","type":"post","link":"https:\/\/das-gefairt.de\/?p=1577","title":{"rendered":"Leute machen Kleider"},"content":{"rendered":"<p><img loading=\"lazy\" class=\"alignnone size-medium wp-image-1579\" src=\"http:\/\/dasgefairt.de\/wp-content\/uploads\/2022\/06\/Fee-225x300.jpg\" alt=\"\" width=\"225\" height=\"300\" srcset=\"https:\/\/das-gefairt.de\/wp-content\/uploads\/2022\/06\/Fee-225x300.jpg 225w, https:\/\/das-gefairt.de\/wp-content\/uploads\/2022\/06\/Fee-768x1024.jpg 768w, https:\/\/das-gefairt.de\/wp-content\/uploads\/2022\/06\/Fee.jpg 810w\" sizes=\"(max-width: 225px) 100vw, 225px\" \/> <img loading=\"lazy\" class=\"alignnone size-medium wp-image-1551\" src=\"http:\/\/dasgefairt.de\/wp-content\/uploads\/2022\/05\/IMG_20220515_151613-225x300.jpg\" alt=\"\" width=\"225\" height=\"300\" srcset=\"https:\/\/das-gefairt.de\/wp-content\/uploads\/2022\/05\/IMG_20220515_151613-225x300.jpg 225w, https:\/\/das-gefairt.de\/wp-content\/uploads\/2022\/05\/IMG_20220515_151613-768x1024.jpg 768w\" sizes=\"(max-width: 225px) 100vw, 225px\" \/><\/p>\n<p>Kleider machen Leute, sagt man ja. Ich finde, es stimmt <em>auch<\/em> umgekehrt. So unterschiedlich kann dasselbe Kleid der Global Mamas an unterschiedlichen Menschen wirken, an Fee oder an Sabine. Beiden steht es gut, zu beiden passt die Farbe perfekt (oft passt dieses Gr\u00fcn bei roten oder rotbloden Haaren). Meist erkenne ich, ob ein Kleidungsst\u00fcck zu jemandem passt an der Art, wie er oder sie damit die Kabine verl\u00e4sst. Und das liegt nicht, wie ich fr\u00fcher dachte, vor allem daran, ob es perfekt sitzt und die Farbe stimmt, sondern auch an der jeweiligen Pers\u00f6nlichkeit. Bei manchen, die einfach immer besonders souver\u00e4n wirken, muss man zwar anders hinschauen als bei sehr selbstkritischen oder etwas unsicheren, die bei was Neuem fragdender auftreten, aber meist ist schnell klar, ob das was wird oder nicht.<\/p>\n<p>Aber selbst wenn alles passt ist das noch kein Kauf-Argument. Fee wusste nicht genau, wann sie das Kleid wirklich anziehen w\u00fcrde und nahm es deshalb nicht. Hut ab vor der Entscheidung. Nichts ist un\u00f6kologischer als ein Schrank voll Sachen, die man nicht tr\u00e4gt.\u00a0 Und: Die &#8222;Leute&#8220; in Ghana &#8222;machen&#8220; die Kleider ja, damit sie getragen werden \ud83d\ude42<\/p>\n","protected":false},"excerpt":{"rendered":"<p>Kleider machen Leute, sagt man ja. Ich finde, es stimmt auch umgekehrt. So unterschiedlich kann dasselbe Kleid der Global Mamas an unterschiedlichen Menschen wirken, an Fee oder an Sabine. Beiden steht es gut, zu beiden passt die Farbe perfekt (oft passt dieses Gr\u00fcn bei roten oder rotbloden Haaren). Meist erkenne ich, ob ein Kleidungsst\u00fcck zu [&hellip;]<\/p>\n","protected":false},"author":1,"featured_media":1579,"comment_status":"closed","ping_status":"open","sticky":false,"template":"","format":"standard","meta":[],"categories":[1],"tags":[],"_links":{"self":[{"href":"https:\/\/das-gefairt.de\/index.php?rest_route=\/wp\/v2\/posts\/1577"}],"collection":[{"href":"https:\/\/das-gefairt.de\/index.php?rest_route=\/wp\/v2\/posts"}],"about":[{"href":"https:\/\/das-gefairt.de\/index.php?rest_route=\/wp\/v2\/types\/post"}],"author":[{"embeddable":true,"href":"https:\/\/das-gefairt.de\/index.php?rest_route=\/wp\/v2\/users\/1"}],"replies":[{"embeddable":true,"href":"https:\/\/das-gefairt.de\/index.php?rest_route=%2Fwp%2Fv2%2Fcomments&post=1577"}],"version-history":[{"count":6,"href":"https:\/\/das-gefairt.de\/index.php?rest_route=\/wp\/v2\/posts\/1577\/revisions"}],"predecessor-version":[{"id":1591,"href":"https:\/\/das-gefairt.de\/index.php?rest_route=\/wp\/v2\/posts\/1577\/revisions\/1591"}],"wp:featuredmedia":[{"embeddable":true,"href":"https:\/\/das-gefairt.de\/index.php?rest_route=\/wp\/v2\/media\/1579"}],"wp:attachment":[{"href":"https:\/\/das-gefairt.de\/index.php?rest_route=%2Fwp%2Fv2%2Fmedia&parent=1577"}],"wp:term":[{"taxonomy":"category","embeddable":true,"href":"https:\/\/das-gefairt.de\/index.php?rest_route=%2Fwp%2Fv2%2Fcategories&post=1577"},{"taxonomy":"post_tag","embeddable":true,"href":"https:\/\/das-gefairt.de\/index.php?rest_route=%2Fwp%2Fv2%2Ftags&post=1577"}],"curies":[{"name":"wp","href":"https:\/\/api.w.org\/{rel}","templated":true}]}}