{"id":1735,"date":"2023-05-24T09:59:52","date_gmt":"2023-05-24T08:59:52","guid":{"rendered":"https:\/\/dasgefairt.de\/?p=1735"},"modified":"2024-12-24T10:24:52","modified_gmt":"2024-12-24T09:24:52","slug":"fotoshooting-auf-der-terasse","status":"publish","type":"post","link":"https:\/\/das-gefairt.de\/?p=1735","title":{"rendered":"Fotoshooting auf der Terrasse"},"content":{"rendered":"<p>Steffi und ich waren mal wieder flei\u00dfig und haben die kopflosen Mitarbeiterinnen in Schale geworfen:<\/p>\n<p><img loading=\"lazy\" class=\"size-medium wp-image-1743 alignnone alignleft\" src=\"http:\/\/dasgefairt.de\/wp-content\/uploads\/2023\/05\/batikteam-186x300.jpg\" alt=\"\" width=\"186\" height=\"300\" srcset=\"https:\/\/das-gefairt.de\/wp-content\/uploads\/2023\/05\/batikteam-186x300.jpg 186w, https:\/\/das-gefairt.de\/wp-content\/uploads\/2023\/05\/batikteam-634x1024.jpg 634w, https:\/\/das-gefairt.de\/wp-content\/uploads\/2023\/05\/batikteam-768x1241.jpg 768w, https:\/\/das-gefairt.de\/wp-content\/uploads\/2023\/05\/batikteam-951x1536.jpg 951w, https:\/\/das-gefairt.de\/wp-content\/uploads\/2023\/05\/batikteam-1268x2048.jpg 1268w, https:\/\/das-gefairt.de\/wp-content\/uploads\/2023\/05\/batikteam-scaled.jpg 1585w\" sizes=\"(max-width: 186px) 100vw, 186px\" \/><\/p>\n<p>Hier zum Beispiel trifft Bali auf W\u00fcrselen:<br \/>\nDie rote Bluse stammt von Topat und Schaefer, Unikatartwear, und wird von Frau Topat in Deutschland entworfen. Gemeinsam mit ihrem Partner, Herrn Schaefer, produzieren sie die Blusen seit \u00fcber 30 Jahren auf ihrer gemeinsamen Lieblingsinsel Bali, in Bioqualit\u00e4t und unter fairen Bedingungen.<\/p>\n<p>Das andere Batik-Shirt hat Sabine Grooten-Thal in ihrer kleinen Schneiderwerkstatt in W\u00fcrselen produziert.<\/p>\n<p><img loading=\"lazy\" class=\"size-medium wp-image-1755 alignleft\" src=\"http:\/\/dasgefairt.de\/wp-content\/uploads\/2023\/05\/weissoben-allein-246x300.jpg\" alt=\"\" width=\"246\" height=\"300\" srcset=\"https:\/\/das-gefairt.de\/wp-content\/uploads\/2023\/05\/weissoben-allein-246x300.jpg 246w, https:\/\/das-gefairt.de\/wp-content\/uploads\/2023\/05\/weissoben-allein-841x1024.jpg 841w, https:\/\/das-gefairt.de\/wp-content\/uploads\/2023\/05\/weissoben-allein-768x936.jpg 768w, https:\/\/das-gefairt.de\/wp-content\/uploads\/2023\/05\/weissoben-allein-1261x1536.jpg 1261w, https:\/\/das-gefairt.de\/wp-content\/uploads\/2023\/05\/weissoben-allein-1681x2048.jpg 1681w, https:\/\/das-gefairt.de\/wp-content\/uploads\/2023\/05\/weissoben-allein-58x72.jpg 58w\" sizes=\"(max-width: 246px) 100vw, 246px\" \/>Ebenfalls in W\u00fcrselen entstand dieses festliche Oberteil,<br \/>\n<img loading=\"lazy\" class=\"size-medium wp-image-1759 alignright\" src=\"http:\/\/dasgefairt.de\/wp-content\/uploads\/2023\/05\/weiss-und-blau-168x300.jpg\" alt=\"\" width=\"168\" height=\"300\" srcset=\"https:\/\/das-gefairt.de\/wp-content\/uploads\/2023\/05\/weiss-und-blau-168x300.jpg 168w, https:\/\/das-gefairt.de\/wp-content\/uploads\/2023\/05\/weiss-und-blau-572x1024.jpg 572w, https:\/\/das-gefairt.de\/wp-content\/uploads\/2023\/05\/weiss-und-blau-768x1374.jpg 768w, https:\/\/das-gefairt.de\/wp-content\/uploads\/2023\/05\/weiss-und-blau-858x1536.jpg 858w, https:\/\/das-gefairt.de\/wp-content\/uploads\/2023\/05\/weiss-und-blau-1144x2048.jpg 1144w, https:\/\/das-gefairt.de\/wp-content\/uploads\/2023\/05\/weiss-und-blau-scaled.jpg 1430w\" sizes=\"(max-width: 168px) 100vw, 168px\" \/>das aber je nach Geschmack auch gut auf eine sportliche 3\/4-Sommerhose passt:<\/p>\n<p>Hier wiederum trifft Indien auf Ghana:<\/p>\n<p><img loading=\"lazy\" class=\"size-medium wp-image-1747 alignleft\" src=\"http:\/\/dasgefairt.de\/wp-content\/uploads\/2023\/05\/KleidBluse-hellblau-187x300.jpg\" alt=\"\" width=\"187\" height=\"300\" srcset=\"https:\/\/das-gefairt.de\/wp-content\/uploads\/2023\/05\/KleidBluse-hellblau-187x300.jpg 187w, https:\/\/das-gefairt.de\/wp-content\/uploads\/2023\/05\/KleidBluse-hellblau-637x1024.jpg 637w, https:\/\/das-gefairt.de\/wp-content\/uploads\/2023\/05\/KleidBluse-hellblau-768x1234.jpg 768w, https:\/\/das-gefairt.de\/wp-content\/uploads\/2023\/05\/KleidBluse-hellblau-956x1536.jpg 956w, https:\/\/das-gefairt.de\/wp-content\/uploads\/2023\/05\/KleidBluse-hellblau-1274x2048.jpg 1274w, https:\/\/das-gefairt.de\/wp-content\/uploads\/2023\/05\/KleidBluse-hellblau-scaled.jpg 1593w\" sizes=\"(max-width: 187px) 100vw, 187px\" \/><\/p>\n<p>Azadi (Indisch: Freiheit) ist eine Multi-Stakeholder-Initiative und n\u00e4ht mit Frauen, die zuvor Opfer von Zwangsprostitution waren. Modeschulen in N\u00fcrnberg geh\u00f6ren zu ihren Kooperationspartnern, was beide Seiten sehr bereichert. Azadi ist bei mir mit diesem blauen Kleid, der Bluse und zwei T-Shirts erstmalig dabei.<\/p>\n<p>Der Batik-Rock ist von den Global-Mamas aus Ghana, einem dortigen Fair-trade-Projekt, von dem ich von Anfang an Kleidung an Bord habe.<\/p>\n<p style=\"text-align: left;\"><img loading=\"lazy\" class=\"size-medium wp-image-1739 alignleft\" src=\"http:\/\/dasgefairt.de\/wp-content\/uploads\/2023\/05\/ganzingru\u0308n-141x300.jpg\" alt=\"\" width=\"141\" height=\"300\" srcset=\"https:\/\/das-gefairt.de\/wp-content\/uploads\/2023\/05\/ganzingru\u0308n-141x300.jpg 141w, https:\/\/das-gefairt.de\/wp-content\/uploads\/2023\/05\/ganzingru\u0308n-481x1024.jpg 481w, https:\/\/das-gefairt.de\/wp-content\/uploads\/2023\/05\/ganzingru\u0308n-768x1634.jpg 768w, https:\/\/das-gefairt.de\/wp-content\/uploads\/2023\/05\/ganzingru\u0308n-722x1536.jpg 722w, https:\/\/das-gefairt.de\/wp-content\/uploads\/2023\/05\/ganzingru\u0308n-963x2048.jpg 963w, https:\/\/das-gefairt.de\/wp-content\/uploads\/2023\/05\/ganzingru\u0308n-scaled.jpg 1203w\" sizes=\"(max-width: 141px) 100vw, 141px\" \/> Ganz in gr\u00fcnem Leinen geht es dieses Jahr mit meinem Jeans-Produzenten Feuervogl. Die kopflose Mitarbeiterin tr\u00e4gt darunter ein T-Shirt von Azadi.<\/p>\n<p>Die Hose gibt es auch in blau,<br \/>\nhier rechts zu einer Bluse von Azadi und<img loading=\"lazy\" class=\"size-medium wp-image-1753 alignright\" src=\"http:\/\/dasgefairt.de\/wp-content\/uploads\/2023\/05\/vielblau-193x300.jpg\" alt=\"\" width=\"193\" height=\"300\" srcset=\"https:\/\/das-gefairt.de\/wp-content\/uploads\/2023\/05\/vielblau-193x300.jpg 193w, https:\/\/das-gefairt.de\/wp-content\/uploads\/2023\/05\/vielblau-657x1024.jpg 657w, https:\/\/das-gefairt.de\/wp-content\/uploads\/2023\/05\/vielblau-768x1196.jpg 768w, https:\/\/das-gefairt.de\/wp-content\/uploads\/2023\/05\/vielblau-986x1536.jpg 986w, https:\/\/das-gefairt.de\/wp-content\/uploads\/2023\/05\/vielblau-1315x2048.jpg 1315w, https:\/\/das-gefairt.de\/wp-content\/uploads\/2023\/05\/vielblau-scaled.jpg 1643w\" sizes=\"(max-width: 193px) 100vw, 193px\" \/><br \/>\nneben einnem Kleid von Hempage.<\/p>\n<p><img loading=\"lazy\" class=\"size-medium wp-image-1777 alignleft\" src=\"http:\/\/dasgefairt.de\/wp-content\/uploads\/2023\/05\/IMG_3381-scaled-e1684918924755-213x300.jpg\" alt=\"\" width=\"213\" height=\"300\" srcset=\"https:\/\/das-gefairt.de\/wp-content\/uploads\/2023\/05\/IMG_3381-scaled-e1684918924755-213x300.jpg 213w, https:\/\/das-gefairt.de\/wp-content\/uploads\/2023\/05\/IMG_3381-scaled-e1684918924755-728x1024.jpg 728w, https:\/\/das-gefairt.de\/wp-content\/uploads\/2023\/05\/IMG_3381-scaled-e1684918924755-768x1080.jpg 768w, https:\/\/das-gefairt.de\/wp-content\/uploads\/2023\/05\/IMG_3381-scaled-e1684918924755-1092x1536.jpg 1092w, https:\/\/das-gefairt.de\/wp-content\/uploads\/2023\/05\/IMG_3381-scaled-e1684918924755.jpg 1356w\" sizes=\"(max-width: 213px) 100vw, 213px\" \/>Und zu guter letzt ein herzlicher Dank an Steffi, die trotz der nicht sonderlich idealen Figuren mit so viel Engagement dabei ist und die beiden immer wieder gut aussehen l\u00e4sst \ud83d\ude42<\/p>\n","protected":false},"excerpt":{"rendered":"<p>Steffi und ich waren mal wieder flei\u00dfig und haben die kopflosen Mitarbeiterinnen in Schale geworfen: Hier zum Beispiel trifft Bali auf W\u00fcrselen: Die rote Bluse stammt von Topat und Schaefer, Unikatartwear, und wird von Frau Topat in Deutschland entworfen. Gemeinsam mit ihrem Partner, Herrn Schaefer, produzieren sie die Blusen seit \u00fcber 30 Jahren auf ihrer [&hellip;]<\/p>\n","protected":false},"author":1,"featured_media":1745,"comment_status":"closed","ping_status":"open","sticky":false,"template":"","format":"standard","meta":[],"categories":[1],"tags":[],"_links":{"self":[{"href":"https:\/\/das-gefairt.de\/index.php?rest_route=\/wp\/v2\/posts\/1735"}],"collection":[{"href":"https:\/\/das-gefairt.de\/index.php?rest_route=\/wp\/v2\/posts"}],"about":[{"href":"https:\/\/das-gefairt.de\/index.php?rest_route=\/wp\/v2\/types\/post"}],"author":[{"embeddable":true,"href":"https:\/\/das-gefairt.de\/index.php?rest_route=\/wp\/v2\/users\/1"}],"replies":[{"embeddable":true,"href":"https:\/\/das-gefairt.de\/index.php?rest_route=%2Fwp%2Fv2%2Fcomments&post=1735"}],"version-history":[{"count":10,"href":"https:\/\/das-gefairt.de\/index.php?rest_route=\/wp\/v2\/posts\/1735\/revisions"}],"predecessor-version":[{"id":1975,"href":"https:\/\/das-gefairt.de\/index.php?rest_route=\/wp\/v2\/posts\/1735\/revisions\/1975"}],"wp:featuredmedia":[{"embeddable":true,"href":"https:\/\/das-gefairt.de\/index.php?rest_route=\/wp\/v2\/media\/1745"}],"wp:attachment":[{"href":"https:\/\/das-gefairt.de\/index.php?rest_route=%2Fwp%2Fv2%2Fmedia&parent=1735"}],"wp:term":[{"taxonomy":"category","embeddable":true,"href":"https:\/\/das-gefairt.de\/index.php?rest_route=%2Fwp%2Fv2%2Fcategories&post=1735"},{"taxonomy":"post_tag","embeddable":true,"href":"https:\/\/das-gefairt.de\/index.php?rest_route=%2Fwp%2Fv2%2Ftags&post=1735"}],"curies":[{"name":"wp","href":"https:\/\/api.w.org\/{rel}","templated":true}]}}