{"id":1927,"date":"2024-03-04T11:53:18","date_gmt":"2024-03-04T10:53:18","guid":{"rendered":"https:\/\/dasgefairt.de\/?p=1927"},"modified":"2024-03-04T11:53:18","modified_gmt":"2024-03-04T10:53:18","slug":"besuch-der-wilhelm-kraft-gesamtschule","status":"publish","type":"post","link":"https:\/\/das-gefairt.de\/?p=1927","title":{"rendered":"Besuch der Wilhelm-Kraft-Gesamtschule"},"content":{"rendered":"\n<p>Am 25. Januar war ich mit meinem Gefairt zu Gast an der Wilhelm-Kraft-Gesamtschule. Die Lehrerinnen der Fair-trade-AG hatte mich eingeladen, und ich habe in drei sechsten und einer siebten Klasse mit den Sch\u00fclern eine kurze Einheit zum Thema faire Kleidung gestaltet.<\/p>\n\n\n\n<p>Zu Beginn sollten die Sch\u00fcler*innen in Gedanken in ihren Kleiderschrank gehen und \u00fcberlegen, wie viele Oberteile (Pullis, T-Shirts, Jacken) sie darin haben. Ich habe dann aufsteigend Zahlen genannt und sie haben so lange gesummt, wie die von mir genannte Zahl noch unter der Anzahl ihrer Oberteile war. Erst bei 60 Oberteilen wurde das Summen ein wenig leiser, bei 120 habe ich aufgeh\u00f6rt, aber einige M\u00e4dchen summten noch&#8230;<\/p>\n\n\n\n<figure class=\"wp-container-2 wp-block-gallery-1 wp-block-gallery has-nested-images columns-default is-cropped\">\n<figure class=\"wp-block-image size-medium is-style-default\"><img loading=\"lazy\" width=\"225\" height=\"300\" data-id=\"1929\"  src=\"https:\/\/dasgefairt.de\/wp-content\/uploads\/2024\/03\/Gesamtschule-1-225x300.jpg\" alt=\"\" class=\"wp-image-1929\" srcset=\"https:\/\/das-gefairt.de\/wp-content\/uploads\/2024\/03\/Gesamtschule-1-225x300.jpg 225w, https:\/\/das-gefairt.de\/wp-content\/uploads\/2024\/03\/Gesamtschule-1.jpg 768w\" sizes=\"(max-width: 225px) 100vw, 225px\" \/><\/figure>\n<\/figure>\n\n\n\n<p><\/p>\n\n\n\n<p>Ich habe dann einen Artikel vorgelesen, in dem die N\u00e4herin Shila Begum von ihrer Arbeit und dem Einsturz des Rana-Plaza-Geb\u00e4udes in Bangladesh berichtet. Es wurde erstaunlich still, als die Sch\u00fcler*innen auf diese Weise h\u00f6rten, wie ihre Kleidung produziert wird und was das f\u00fcr die N\u00e4herinnen bedeutet.<\/p>\n\n\n\n<p>Nach einem kleinen Quiz zu einigen Fakten rund um unsere Kleidung haben wir \u00fcberlegt, was f\u00fcr Konsequenzen diese Informationen f\u00fcr die Sch\u00fcler*innen haben k\u00f6nnten. Sie kamen sofort darauf, dass es gut w\u00e4re, weniger zu kaufen, Kleidung zu tauschen, second hand zu kaufen und auf Qualit\u00e4t zu achten. Fair produzierte Kleidung zu kaufen war f\u00fcr die meisten keine realistische M\u00f6glichkeit. Da war es gut zu merken, dass man trotzdem etwas tun kann, um im Kleinen etwas zu ver\u00e4ndern.<\/p>\n\n\n\n<figure class=\"wp-block-image size-full\"><img loading=\"lazy\" width=\"768\" height=\"1024\" src=\"https:\/\/dasgefairt.de\/wp-content\/uploads\/2024\/03\/Gesamtschule-3.jpg\" alt=\"\" class=\"wp-image-1937\" srcset=\"https:\/\/das-gefairt.de\/wp-content\/uploads\/2024\/03\/Gesamtschule-3.jpg 768w, https:\/\/das-gefairt.de\/wp-content\/uploads\/2024\/03\/Gesamtschule-3-225x300.jpg 225w\" sizes=\"(max-width: 768px) 100vw, 768px\" \/><\/figure>\n","protected":false},"excerpt":{"rendered":"<p>Am 25. Januar war ich mit meinem Gefairt zu Gast an der Wilhelm-Kraft-Gesamtschule. Die Lehrerinnen der Fair-trade-AG hatte mich eingeladen, und ich habe in drei sechsten und einer siebten Klasse mit den Sch\u00fclern eine kurze Einheit zum Thema faire Kleidung gestaltet. Zu Beginn sollten die Sch\u00fcler*innen in Gedanken in ihren Kleiderschrank gehen und \u00fcberlegen, wie [&hellip;]<\/p>\n","protected":false},"author":1,"featured_media":1929,"comment_status":"closed","ping_status":"open","sticky":false,"template":"","format":"standard","meta":[],"categories":[1],"tags":[],"_links":{"self":[{"href":"https:\/\/das-gefairt.de\/index.php?rest_route=\/wp\/v2\/posts\/1927"}],"collection":[{"href":"https:\/\/das-gefairt.de\/index.php?rest_route=\/wp\/v2\/posts"}],"about":[{"href":"https:\/\/das-gefairt.de\/index.php?rest_route=\/wp\/v2\/types\/post"}],"author":[{"embeddable":true,"href":"https:\/\/das-gefairt.de\/index.php?rest_route=\/wp\/v2\/users\/1"}],"replies":[{"embeddable":true,"href":"https:\/\/das-gefairt.de\/index.php?rest_route=%2Fwp%2Fv2%2Fcomments&post=1927"}],"version-history":[{"count":4,"href":"https:\/\/das-gefairt.de\/index.php?rest_route=\/wp\/v2\/posts\/1927\/revisions"}],"predecessor-version":[{"id":1939,"href":"https:\/\/das-gefairt.de\/index.php?rest_route=\/wp\/v2\/posts\/1927\/revisions\/1939"}],"wp:featuredmedia":[{"embeddable":true,"href":"https:\/\/das-gefairt.de\/index.php?rest_route=\/wp\/v2\/media\/1929"}],"wp:attachment":[{"href":"https:\/\/das-gefairt.de\/index.php?rest_route=%2Fwp%2Fv2%2Fmedia&parent=1927"}],"wp:term":[{"taxonomy":"category","embeddable":true,"href":"https:\/\/das-gefairt.de\/index.php?rest_route=%2Fwp%2Fv2%2Fcategories&post=1927"},{"taxonomy":"post_tag","embeddable":true,"href":"https:\/\/das-gefairt.de\/index.php?rest_route=%2Fwp%2Fv2%2Ftags&post=1927"}],"curies":[{"name":"wp","href":"https:\/\/api.w.org\/{rel}","templated":true}]}}