{"id":685,"date":"2019-06-28T15:56:00","date_gmt":"2019-06-28T14:56:00","guid":{"rendered":"http:\/\/dasgefairt.de\/?p=685"},"modified":"2019-06-28T15:56:00","modified_gmt":"2019-06-28T14:56:00","slug":"fair-fashion-shopping-guide-fuers-ruhrgebiet","status":"publish","type":"post","link":"https:\/\/das-gefairt.de\/?p=685","title":{"rendered":"Fair-fashion-Shopping-Guide f\u00fcr&#8217;s Ruhrgebiet"},"content":{"rendered":"<p><img loading=\"lazy\" class=\"size-medium wp-image-688 alignleft\" src=\"http:\/\/dasgefairt.de\/wp-content\/uploads\/2019\/06\/IMG_2933-e1561732681258-300x300.jpg\" alt=\"\" width=\"300\" height=\"300\" srcset=\"https:\/\/das-gefairt.de\/wp-content\/uploads\/2019\/06\/IMG_2933-e1561732681258-300x300.jpg 300w, https:\/\/das-gefairt.de\/wp-content\/uploads\/2019\/06\/IMG_2933-e1561732681258-150x150.jpg 150w, https:\/\/das-gefairt.de\/wp-content\/uploads\/2019\/06\/IMG_2933-e1561732681258-768x768.jpg 768w, https:\/\/das-gefairt.de\/wp-content\/uploads\/2019\/06\/IMG_2933-e1561732681258-1024x1024.jpg 1024w, https:\/\/das-gefairt.de\/wp-content\/uploads\/2019\/06\/IMG_2933-e1561732681258-180x180.jpg 180w, https:\/\/das-gefairt.de\/wp-content\/uploads\/2019\/06\/IMG_2933-e1561732681258-600x600.jpg 600w, https:\/\/das-gefairt.de\/wp-content\/uploads\/2019\/06\/IMG_2933-e1561732681258-500x500.jpg 500w\" sizes=\"(max-width: 300px) 100vw, 300px\" \/>Gestern ist er erschienen, der Einkaufsf\u00fchrer f\u00fcr den Kauf von fairer Kleidung im Ruhrgebiet, und ich bin mit meinem Gefairt in ihm vertreten. Neben jeder Menge Informationen enth\u00e4lt er eine Vorstellung aller L\u00e4den, die fair gehandelte Kleidung verkaufen, eine Auflistung aller, die in ihrem Sortiment auch faire Produkte haben und einen \u00dcberblick \u00fcber s\u00e4mtliche Second-Hand-L\u00e4den. Entstanden ist er durch die Zusammenarbeit der Akademie f\u00fcr Mode &amp; Design D\u00fcsseldorf mit der Steuerungsgruppe &#8222;Faire Metropole Ruhr&#8220; und &#8222;Engagement Global&#8220;, einer Organisation, die im Auftrag es Bundesministeriums f\u00fcr wirtschaftliche Zusammenarbeit und Entwicklung globales Lernen und zivilgesellschaftliches Engagement f\u00fcr die nachhaltigen Entwicklungszeile f\u00f6rdert. Diese haben das Projekt begleitet und finanziert.<\/p>\n<p>Vor ungef\u00e4hr einem Jahr haben mich zwei Studierende der AMD f\u00fcr die Vorstellung vom Gefairt in Gruiten interviewt. Jetzt war ich gestern in Dortmund bei der Pressekonferenz zur Ver\u00f6ffentlichung.<\/p>\n<p>Es gibt diese F\u00fchrer schon f\u00fcr D\u00fcsseldorf, K\u00f6ln, Bonn und Berlin. Onlineversionen von diesen findet ihr hier: https:\/\/www.buygoodstuff.de (Nat\u00fcrlich hoffe ich aber, dass ihr weiterhin auch gerne bei mir vorbei kommt ;-))<\/p>\n","protected":false},"excerpt":{"rendered":"<p>Gestern ist er erschienen, der Einkaufsf\u00fchrer f\u00fcr den Kauf von fairer Kleidung im Ruhrgebiet, und ich bin mit meinem Gefairt in ihm vertreten. Neben jeder Menge Informationen enth\u00e4lt er eine Vorstellung aller L\u00e4den, die fair gehandelte Kleidung verkaufen, eine Auflistung aller, die in ihrem Sortiment auch faire Produkte haben und einen \u00dcberblick \u00fcber s\u00e4mtliche Second-Hand-L\u00e4den. [&hellip;]<\/p>\n","protected":false},"author":1,"featured_media":686,"comment_status":"closed","ping_status":"open","sticky":false,"template":"","format":"standard","meta":[],"categories":[1],"tags":[],"_links":{"self":[{"href":"https:\/\/das-gefairt.de\/index.php?rest_route=\/wp\/v2\/posts\/685"}],"collection":[{"href":"https:\/\/das-gefairt.de\/index.php?rest_route=\/wp\/v2\/posts"}],"about":[{"href":"https:\/\/das-gefairt.de\/index.php?rest_route=\/wp\/v2\/types\/post"}],"author":[{"embeddable":true,"href":"https:\/\/das-gefairt.de\/index.php?rest_route=\/wp\/v2\/users\/1"}],"replies":[{"embeddable":true,"href":"https:\/\/das-gefairt.de\/index.php?rest_route=%2Fwp%2Fv2%2Fcomments&post=685"}],"version-history":[{"count":2,"href":"https:\/\/das-gefairt.de\/index.php?rest_route=\/wp\/v2\/posts\/685\/revisions"}],"predecessor-version":[{"id":690,"href":"https:\/\/das-gefairt.de\/index.php?rest_route=\/wp\/v2\/posts\/685\/revisions\/690"}],"wp:featuredmedia":[{"embeddable":true,"href":"https:\/\/das-gefairt.de\/index.php?rest_route=\/wp\/v2\/media\/686"}],"wp:attachment":[{"href":"https:\/\/das-gefairt.de\/index.php?rest_route=%2Fwp%2Fv2%2Fmedia&parent=685"}],"wp:term":[{"taxonomy":"category","embeddable":true,"href":"https:\/\/das-gefairt.de\/index.php?rest_route=%2Fwp%2Fv2%2Fcategories&post=685"},{"taxonomy":"post_tag","embeddable":true,"href":"https:\/\/das-gefairt.de\/index.php?rest_route=%2Fwp%2Fv2%2Ftags&post=685"}],"curies":[{"name":"wp","href":"https:\/\/api.w.org\/{rel}","templated":true}]}}