{"id":787,"date":"2019-09-30T10:16:07","date_gmt":"2019-09-30T09:16:07","guid":{"rendered":"http:\/\/dasgefairt.de\/?p=787"},"modified":"2019-09-30T10:16:07","modified_gmt":"2019-09-30T09:16:07","slug":"gefairt-in-der-werkstatt","status":"publish","type":"post","link":"https:\/\/das-gefairt.de\/?p=787","title":{"rendered":"Gefairt in der Werkstatt"},"content":{"rendered":"<p><img loading=\"lazy\" class=\"size-medium wp-image-788 alignleft\" src=\"http:\/\/dasgefairt.de\/wp-content\/uploads\/2019\/09\/IMG_3386-300x225.jpg\" alt=\"\" width=\"300\" height=\"225\" srcset=\"https:\/\/das-gefairt.de\/wp-content\/uploads\/2019\/09\/IMG_3386-300x225.jpg 300w, https:\/\/das-gefairt.de\/wp-content\/uploads\/2019\/09\/IMG_3386-768x576.jpg 768w, https:\/\/das-gefairt.de\/wp-content\/uploads\/2019\/09\/IMG_3386.jpg 1024w\" sizes=\"(max-width: 300px) 100vw, 300px\" \/>Ich bin liegen geblieben. In Herborn. Als ich gerade f\u00fcr die Nacht auf ein Privatgrundst\u00fcck gefahren war, knallte es einmal laut, danach machte mein Gefairt nur noch wie ein Trecker. Diagnose: Explodierte Z\u00fcndkerze. Die, die gerade kurz vor Pfingsten augetauscht worden war. Mit neu geschnittenem Gewinde. Hat leider nicht lange gehalten. Jetzt muss der ganze Kopf neu, und das Ersatzteil muss erst aus Italien besorgt werden.<\/p>\n<p>Gl\u00fccklicher Weise gab es in Herborn einen sehr guten Abschleppdienst, der sich getraut hat, mein Gefairt auf diesen Schlepper zu ziehen. Zu einem zivilen Preis, obwohl es Samstagnachmittag war. 2 Zentimeter l\u00e4nger h\u00e4tte es allerdings auch nicht sein d\u00fcrfen. Jetzt tut die Iveco-Werkstatt dort alles, um es m\u00f6glichst schnell wieder fitt zu kriegen. Aber beim Warten auf&#8217;s Ersatzteil k\u00f6nnen die auch nichts beschleunigen&#8230;<\/p>\n<p>Ich hoffe sehr, dass ich es Ende der Woche abholen kann.<\/p>\n","protected":false},"excerpt":{"rendered":"<p>Ich bin liegen geblieben. In Herborn. Als ich gerade f\u00fcr die Nacht auf ein Privatgrundst\u00fcck gefahren war, knallte es einmal laut, danach machte mein Gefairt nur noch wie ein Trecker. Diagnose: Explodierte Z\u00fcndkerze. Die, die gerade kurz vor Pfingsten augetauscht worden war. Mit neu geschnittenem Gewinde. Hat leider nicht lange gehalten. Jetzt muss der ganze [&hellip;]<\/p>\n","protected":false},"author":1,"featured_media":788,"comment_status":"closed","ping_status":"open","sticky":false,"template":"","format":"standard","meta":[],"categories":[1],"tags":[],"_links":{"self":[{"href":"https:\/\/das-gefairt.de\/index.php?rest_route=\/wp\/v2\/posts\/787"}],"collection":[{"href":"https:\/\/das-gefairt.de\/index.php?rest_route=\/wp\/v2\/posts"}],"about":[{"href":"https:\/\/das-gefairt.de\/index.php?rest_route=\/wp\/v2\/types\/post"}],"author":[{"embeddable":true,"href":"https:\/\/das-gefairt.de\/index.php?rest_route=\/wp\/v2\/users\/1"}],"replies":[{"embeddable":true,"href":"https:\/\/das-gefairt.de\/index.php?rest_route=%2Fwp%2Fv2%2Fcomments&post=787"}],"version-history":[{"count":1,"href":"https:\/\/das-gefairt.de\/index.php?rest_route=\/wp\/v2\/posts\/787\/revisions"}],"predecessor-version":[{"id":789,"href":"https:\/\/das-gefairt.de\/index.php?rest_route=\/wp\/v2\/posts\/787\/revisions\/789"}],"wp:featuredmedia":[{"embeddable":true,"href":"https:\/\/das-gefairt.de\/index.php?rest_route=\/wp\/v2\/media\/788"}],"wp:attachment":[{"href":"https:\/\/das-gefairt.de\/index.php?rest_route=%2Fwp%2Fv2%2Fmedia&parent=787"}],"wp:term":[{"taxonomy":"category","embeddable":true,"href":"https:\/\/das-gefairt.de\/index.php?rest_route=%2Fwp%2Fv2%2Fcategories&post=787"},{"taxonomy":"post_tag","embeddable":true,"href":"https:\/\/das-gefairt.de\/index.php?rest_route=%2Fwp%2Fv2%2Ftags&post=787"}],"curies":[{"name":"wp","href":"https:\/\/api.w.org\/{rel}","templated":true}]}}