{"id":823,"date":"2020-02-26T16:25:28","date_gmt":"2020-02-26T15:25:28","guid":{"rendered":"http:\/\/dasgefairt.de\/?p=823"},"modified":"2020-02-26T16:25:28","modified_gmt":"2020-02-26T15:25:28","slug":"fruehjahrsware-von-anukoo","status":"publish","type":"post","link":"https:\/\/das-gefairt.de\/?p=823","title":{"rendered":"Fr\u00fchjahrsware von Anukoo"},"content":{"rendered":"<p><img loading=\"lazy\" class=\"size-medium wp-image-824 alignleft\" src=\"http:\/\/dasgefairt.de\/wp-content\/uploads\/2020\/02\/no-planet-b-e1582730112752-225x300.jpg\" alt=\"\" width=\"225\" height=\"300\" srcset=\"https:\/\/das-gefairt.de\/wp-content\/uploads\/2020\/02\/no-planet-b-e1582730112752-225x300.jpg 225w, https:\/\/das-gefairt.de\/wp-content\/uploads\/2020\/02\/no-planet-b-e1582730112752-768x1024.jpg 768w\" sizes=\"(max-width: 225px) 100vw, 225px\" \/>Ich habe ein neues Label im Gefairt: Anukoo.<\/p>\n<p>Anukoo hat die Zertifizierung vom Weltladen-Dachverband, ist also auch von denen als fair anerkannt.<\/p>\n<p>Die Baumwollsachen, die ich jetzt im Sortiment habe, sind aus fairer Biobaumwolle in Indien unter fairen Bedingungen produziert.<\/p>\n<p>Und sch\u00f6n sommerlich sind sie auch.<\/p>\n<p>Auf der Messe war ich mit dem Ordern eigentlich schon durch, als ich auf Anukoo stie\u00df, auf das abgebildete T-Shirt. Ein Kunde wollte unbedingt eines mit genau dieser Aufschrift, und hier fand ich es endlich. Dazu gesellten sich\u00a0 noch einige sch\u00f6ne Teile mit Ginko-Blatt- Design, dazu passend zwei verschiedene, dunkelblaue R\u00f6cke. Jetzt bin ich ganz begeistern, diese besonders fairen und sch\u00f6nen Sachen an Bord zu haben. <img loading=\"lazy\" class=\"size-medium wp-image-825 alignright\" src=\"http:\/\/dasgefairt.de\/wp-content\/uploads\/2020\/02\/IMG_4141-225x300.jpg\" alt=\"\" width=\"225\" height=\"300\" srcset=\"https:\/\/das-gefairt.de\/wp-content\/uploads\/2020\/02\/IMG_4141-225x300.jpg 225w, https:\/\/das-gefairt.de\/wp-content\/uploads\/2020\/02\/IMG_4141.jpg 768w\" sizes=\"(max-width: 225px) 100vw, 225px\" \/><\/p>\n","protected":false},"excerpt":{"rendered":"<p>Ich habe ein neues Label im Gefairt: Anukoo. Anukoo hat die Zertifizierung vom Weltladen-Dachverband, ist also auch von denen als fair anerkannt. Die Baumwollsachen, die ich jetzt im Sortiment habe, sind aus fairer Biobaumwolle in Indien unter fairen Bedingungen produziert. Und sch\u00f6n sommerlich sind sie auch. Auf der Messe war ich mit dem Ordern eigentlich [&hellip;]<\/p>\n","protected":false},"author":1,"featured_media":824,"comment_status":"closed","ping_status":"open","sticky":false,"template":"","format":"standard","meta":[],"categories":[1],"tags":[],"_links":{"self":[{"href":"https:\/\/das-gefairt.de\/index.php?rest_route=\/wp\/v2\/posts\/823"}],"collection":[{"href":"https:\/\/das-gefairt.de\/index.php?rest_route=\/wp\/v2\/posts"}],"about":[{"href":"https:\/\/das-gefairt.de\/index.php?rest_route=\/wp\/v2\/types\/post"}],"author":[{"embeddable":true,"href":"https:\/\/das-gefairt.de\/index.php?rest_route=\/wp\/v2\/users\/1"}],"replies":[{"embeddable":true,"href":"https:\/\/das-gefairt.de\/index.php?rest_route=%2Fwp%2Fv2%2Fcomments&post=823"}],"version-history":[{"count":2,"href":"https:\/\/das-gefairt.de\/index.php?rest_route=\/wp\/v2\/posts\/823\/revisions"}],"predecessor-version":[{"id":827,"href":"https:\/\/das-gefairt.de\/index.php?rest_route=\/wp\/v2\/posts\/823\/revisions\/827"}],"wp:featuredmedia":[{"embeddable":true,"href":"https:\/\/das-gefairt.de\/index.php?rest_route=\/wp\/v2\/media\/824"}],"wp:attachment":[{"href":"https:\/\/das-gefairt.de\/index.php?rest_route=%2Fwp%2Fv2%2Fmedia&parent=823"}],"wp:term":[{"taxonomy":"category","embeddable":true,"href":"https:\/\/das-gefairt.de\/index.php?rest_route=%2Fwp%2Fv2%2Fcategories&post=823"},{"taxonomy":"post_tag","embeddable":true,"href":"https:\/\/das-gefairt.de\/index.php?rest_route=%2Fwp%2Fv2%2Ftags&post=823"}],"curies":[{"name":"wp","href":"https:\/\/api.w.org\/{rel}","templated":true}]}}