{"id":907,"date":"2020-03-30T15:29:30","date_gmt":"2020-03-30T14:29:30","guid":{"rendered":"http:\/\/dasgefairt.de\/?p=907"},"modified":"2020-03-30T15:37:48","modified_gmt":"2020-03-30T14:37:48","slug":"fruehjahr-sommer-kollektion","status":"publish","type":"post","link":"https:\/\/das-gefairt.de\/?p=907","title":{"rendered":"Fr\u00fchjahr\/Sommer-Kollektion"},"content":{"rendered":"<p>Bei sch\u00f6nstem Sonnenschein habe ich mit Sina Kaputa und Charly im Garten Fotos von der neuen Kollektion gemacht.<img loading=\"lazy\" class=\"alignnone size-medium wp-image-909\" src=\"http:\/\/dasgefairt.de\/wp-content\/uploads\/2020\/03\/IMG_2806-Kopie-300x200.jpg\" alt=\"\" width=\"300\" height=\"200\" srcset=\"https:\/\/das-gefairt.de\/wp-content\/uploads\/2020\/03\/IMG_2806-Kopie-300x200.jpg 300w, https:\/\/das-gefairt.de\/wp-content\/uploads\/2020\/03\/IMG_2806-Kopie-768x512.jpg 768w, https:\/\/das-gefairt.de\/wp-content\/uploads\/2020\/03\/IMG_2806-Kopie-1024x683.jpg 1024w, https:\/\/das-gefairt.de\/wp-content\/uploads\/2020\/03\/IMG_2806-Kopie-750x500.jpg 750w, https:\/\/das-gefairt.de\/wp-content\/uploads\/2020\/03\/IMG_2806-Kopie.jpg 1619w\" sizes=\"(max-width: 300px) 100vw, 300px\" \/><img loading=\"lazy\" class=\"alignnone size-medium wp-image-908\" src=\"http:\/\/dasgefairt.de\/wp-content\/uploads\/2020\/03\/IMG_2853-300x200.jpeg\" alt=\"\" width=\"300\" height=\"200\" srcset=\"https:\/\/das-gefairt.de\/wp-content\/uploads\/2020\/03\/IMG_2853-300x200.jpeg 300w, https:\/\/das-gefairt.de\/wp-content\/uploads\/2020\/03\/IMG_2853.jpeg 320w\" sizes=\"(max-width: 300px) 100vw, 300px\" \/><\/p>\n<p><img loading=\"lazy\" class=\"alignnone size-medium wp-image-860\" src=\"http:\/\/dasgefairt.de\/wp-content\/uploads\/2020\/03\/Halbarmshirt-greenbomb-Kopie-200x300.jpg\" alt=\"\" width=\"200\" height=\"300\" srcset=\"https:\/\/das-gefairt.de\/wp-content\/uploads\/2020\/03\/Halbarmshirt-greenbomb-Kopie-200x300.jpg 200w, https:\/\/das-gefairt.de\/wp-content\/uploads\/2020\/03\/Halbarmshirt-greenbomb-Kopie-683x1024.jpg 683w, https:\/\/das-gefairt.de\/wp-content\/uploads\/2020\/03\/Halbarmshirt-greenbomb-Kopie.jpg 720w\" sizes=\"(max-width: 200px) 100vw, 200px\" \/><img loading=\"lazy\" class=\"alignnone size-medium wp-image-876\" src=\"http:\/\/dasgefairt.de\/wp-content\/uploads\/2020\/03\/schwarzes-Shirt-Muster-estetique-Kopie-200x300.jpg\" alt=\"\" width=\"200\" height=\"300\" srcset=\"https:\/\/das-gefairt.de\/wp-content\/uploads\/2020\/03\/schwarzes-Shirt-Muster-estetique-Kopie-200x300.jpg 200w, https:\/\/das-gefairt.de\/wp-content\/uploads\/2020\/03\/schwarzes-Shirt-Muster-estetique-Kopie-683x1024.jpg 683w, https:\/\/das-gefairt.de\/wp-content\/uploads\/2020\/03\/schwarzes-Shirt-Muster-estetique-Kopie.jpg 720w\" sizes=\"(max-width: 200px) 100vw, 200px\" \/><img loading=\"lazy\" class=\"alignnone size-medium wp-image-901\" src=\"http:\/\/dasgefairt.de\/wp-content\/uploads\/2020\/03\/T-Shirt-Robbe-Herren-Greenbomb-Kopie-200x300.jpg\" alt=\"\" width=\"200\" height=\"300\" srcset=\"https:\/\/das-gefairt.de\/wp-content\/uploads\/2020\/03\/T-Shirt-Robbe-Herren-Greenbomb-Kopie-200x300.jpg 200w, https:\/\/das-gefairt.de\/wp-content\/uploads\/2020\/03\/T-Shirt-Robbe-Herren-Greenbomb-Kopie-683x1024.jpg 683w, https:\/\/das-gefairt.de\/wp-content\/uploads\/2020\/03\/T-Shirt-Robbe-Herren-Greenbomb-Kopie.jpg 720w\" sizes=\"(max-width: 200px) 100vw, 200px\" \/><\/p>\n<p>Schaut mal auf &#8222;schau an&#8220;. Wenn ihr nach Neuheiten sortiert, seht ihr zuerst die aktuellen Sachen. Und wer mehrfach (nicht Doppelklick) auf die Fotos klickt, sieht sie auch ganz \ud83d\ude42<\/p>\n<p><img loading=\"lazy\" class=\"alignnone size-medium wp-image-910\" src=\"http:\/\/dasgefairt.de\/wp-content\/uploads\/2020\/03\/nach-der-Arbeit-Kopie-300x200.jpg\" alt=\"\" width=\"300\" height=\"200\" srcset=\"https:\/\/das-gefairt.de\/wp-content\/uploads\/2020\/03\/nach-der-Arbeit-Kopie-300x200.jpg 300w, https:\/\/das-gefairt.de\/wp-content\/uploads\/2020\/03\/nach-der-Arbeit-Kopie-768x512.jpg 768w, https:\/\/das-gefairt.de\/wp-content\/uploads\/2020\/03\/nach-der-Arbeit-Kopie-1024x683.jpg 1024w, https:\/\/das-gefairt.de\/wp-content\/uploads\/2020\/03\/nach-der-Arbeit-Kopie-750x500.jpg 750w, https:\/\/das-gefairt.de\/wp-content\/uploads\/2020\/03\/nach-der-Arbeit-Kopie.jpg 1619w\" sizes=\"(max-width: 300px) 100vw, 300px\" \/><\/p>\n<p>Bis ich dann auch verkaufen kann, wird es noch etwas dauern. Ich habe nicht so viele Sachen, dass ich einen Onlineshop bieten k\u00f6nnte. Jedes Teil ist ja nur 1-2 Mal pro Gr\u00f6\u00dfe da. Aber ich hoffe, dass viele Geduld haben und dieses Jahr etwas sp\u00e4ter shoppen gehen.<\/p>\n<p>&nbsp;<\/p>\n","protected":false},"excerpt":{"rendered":"<p>Bei sch\u00f6nstem Sonnenschein habe ich mit Sina Kaputa und Charly im Garten Fotos von der neuen Kollektion gemacht. Schaut mal auf &#8222;schau an&#8220;. Wenn ihr nach Neuheiten sortiert, seht ihr zuerst die aktuellen Sachen. Und wer mehrfach (nicht Doppelklick) auf die Fotos klickt, sieht sie auch ganz \ud83d\ude42 Bis ich dann auch verkaufen kann, wird [&hellip;]<\/p>\n","protected":false},"author":1,"featured_media":909,"comment_status":"closed","ping_status":"open","sticky":false,"template":"","format":"standard","meta":[],"categories":[1],"tags":[],"_links":{"self":[{"href":"https:\/\/das-gefairt.de\/index.php?rest_route=\/wp\/v2\/posts\/907"}],"collection":[{"href":"https:\/\/das-gefairt.de\/index.php?rest_route=\/wp\/v2\/posts"}],"about":[{"href":"https:\/\/das-gefairt.de\/index.php?rest_route=\/wp\/v2\/types\/post"}],"author":[{"embeddable":true,"href":"https:\/\/das-gefairt.de\/index.php?rest_route=\/wp\/v2\/users\/1"}],"replies":[{"embeddable":true,"href":"https:\/\/das-gefairt.de\/index.php?rest_route=%2Fwp%2Fv2%2Fcomments&post=907"}],"version-history":[{"count":5,"href":"https:\/\/das-gefairt.de\/index.php?rest_route=\/wp\/v2\/posts\/907\/revisions"}],"predecessor-version":[{"id":915,"href":"https:\/\/das-gefairt.de\/index.php?rest_route=\/wp\/v2\/posts\/907\/revisions\/915"}],"wp:featuredmedia":[{"embeddable":true,"href":"https:\/\/das-gefairt.de\/index.php?rest_route=\/wp\/v2\/media\/909"}],"wp:attachment":[{"href":"https:\/\/das-gefairt.de\/index.php?rest_route=%2Fwp%2Fv2%2Fmedia&parent=907"}],"wp:term":[{"taxonomy":"category","embeddable":true,"href":"https:\/\/das-gefairt.de\/index.php?rest_route=%2Fwp%2Fv2%2Fcategories&post=907"},{"taxonomy":"post_tag","embeddable":true,"href":"https:\/\/das-gefairt.de\/index.php?rest_route=%2Fwp%2Fv2%2Ftags&post=907"}],"curies":[{"name":"wp","href":"https:\/\/api.w.org\/{rel}","templated":true}]}}