{"id":929,"date":"2020-05-01T15:44:00","date_gmt":"2020-05-01T14:44:00","guid":{"rendered":"http:\/\/dasgefairt.de\/?p=929"},"modified":"2020-05-01T15:44:00","modified_gmt":"2020-05-01T14:44:00","slug":"gefairt-zu-inspektion-und-tuev","status":"publish","type":"post","link":"https:\/\/das-gefairt.de\/?p=929","title":{"rendered":"Gefairt zu Inspektion und T\u00dcV"},"content":{"rendered":"<p><img loading=\"lazy\" class=\"alignnone size-medium wp-image-647\" src=\"http:\/\/dasgefairt.de\/wp-content\/uploads\/2019\/03\/Ohligs-Wochenmarkt-300x234.jpg\" alt=\"\" width=\"300\" height=\"234\" srcset=\"https:\/\/das-gefairt.de\/wp-content\/uploads\/2019\/03\/Ohligs-Wochenmarkt-300x234.jpg 300w, https:\/\/das-gefairt.de\/wp-content\/uploads\/2019\/03\/Ohligs-Wochenmarkt-768x599.jpg 768w, https:\/\/das-gefairt.de\/wp-content\/uploads\/2019\/03\/Ohligs-Wochenmarkt-1024x798.jpg 1024w, https:\/\/das-gefairt.de\/wp-content\/uploads\/2019\/03\/Ohligs-Wochenmarkt.jpg 1280w\" sizes=\"(max-width: 300px) 100vw, 300px\" \/><br \/>\nIch konnte ganz schnell nen Werkstatt-Termin bekommen, daher ist das Gefairt n\u00e4chste Woche ab Dienstagnachmittag bis Donnerstagmorgen beim T\u00dcV. Die \u00d6ffnungszeit in Gruiten entf\u00e4llt.<\/p>\n","protected":false},"excerpt":{"rendered":"<p>Ich konnte ganz schnell nen Werkstatt-Termin bekommen, daher ist das Gefairt n\u00e4chste Woche ab Dienstagnachmittag bis Donnerstagmorgen beim T\u00dcV. Die \u00d6ffnungszeit in Gruiten entf\u00e4llt.<\/p>\n","protected":false},"author":1,"featured_media":647,"comment_status":"closed","ping_status":"open","sticky":false,"template":"","format":"standard","meta":[],"categories":[1],"tags":[],"_links":{"self":[{"href":"https:\/\/das-gefairt.de\/index.php?rest_route=\/wp\/v2\/posts\/929"}],"collection":[{"href":"https:\/\/das-gefairt.de\/index.php?rest_route=\/wp\/v2\/posts"}],"about":[{"href":"https:\/\/das-gefairt.de\/index.php?rest_route=\/wp\/v2\/types\/post"}],"author":[{"embeddable":true,"href":"https:\/\/das-gefairt.de\/index.php?rest_route=\/wp\/v2\/users\/1"}],"replies":[{"embeddable":true,"href":"https:\/\/das-gefairt.de\/index.php?rest_route=%2Fwp%2Fv2%2Fcomments&post=929"}],"version-history":[{"count":2,"href":"https:\/\/das-gefairt.de\/index.php?rest_route=\/wp\/v2\/posts\/929\/revisions"}],"predecessor-version":[{"id":931,"href":"https:\/\/das-gefairt.de\/index.php?rest_route=\/wp\/v2\/posts\/929\/revisions\/931"}],"wp:featuredmedia":[{"embeddable":true,"href":"https:\/\/das-gefairt.de\/index.php?rest_route=\/wp\/v2\/media\/647"}],"wp:attachment":[{"href":"https:\/\/das-gefairt.de\/index.php?rest_route=%2Fwp%2Fv2%2Fmedia&parent=929"}],"wp:term":[{"taxonomy":"category","embeddable":true,"href":"https:\/\/das-gefairt.de\/index.php?rest_route=%2Fwp%2Fv2%2Fcategories&post=929"},{"taxonomy":"post_tag","embeddable":true,"href":"https:\/\/das-gefairt.de\/index.php?rest_route=%2Fwp%2Fv2%2Ftags&post=929"}],"curies":[{"name":"wp","href":"https:\/\/api.w.org\/{rel}","templated":true}]}}